{"id":27292,"date":"2024-09-11T10:32:11","date_gmt":"2024-09-11T13:32:11","guid":{"rendered":"https:\/\/radiostudiow.com.br\/site\/?p=27292"},"modified":"2025-01-31T14:58:28","modified_gmt":"2025-01-31T17:58:28","slug":"policia-militar-descumpriu-medida-protetiva-em-uniao-da-vitoria","status":"publish","type":"post","link":"https:\/\/radiostudiow.com.br\/site\/2024\/09\/11\/policia-militar-descumpriu-medida-protetiva-em-uniao-da-vitoria\/","title":{"rendered":"Pol\u00edcia Militar descumpriu medida protetiva em Uni\u00e3o da Vit\u00f3ria"},"content":{"rendered":"\n<p>A equipe da Pol\u00edcia Militar de Uni\u00e3o da Vit\u00f3ria foi acionada para atender uma situa\u00e7\u00e3o de uma poss\u00edvel les\u00e3o corporal e viol\u00eancia dom\u00e9stica no bairro S\u00e3o Braz por volta das 12:30 horas dessa ter\u00e7a-feira (10).<\/p>\n\n\n\n<p>De acordo com o relat\u00f3rio policial, a solicitante relatou que seu vizinho chegou agressivo em casa e come\u00e7ou a quebrar os m\u00f3veis e amea\u00e7ar sua fam\u00edlia, ouvindo gritos de socorro de sua suposta v\u00edtima.<\/p>\n\n\n\n<figure class=\"wp-block-image size-full\"><img loading=\"lazy\" decoding=\"async\" width=\"300\" height=\"180\" src=\"https:\/\/radiostudiow.com.br\/site\/wp-content\/uploads\/2024\/04\/image-26.png\" alt=\"\" class=\"wp-image-21279\"\/><\/figure>\n\n\n\n<p>No local foi conversado com os residentes que relataram que o ex-marido da feminina chegou embriagado em casa e come\u00e7ou a amea\u00e7\u00e1-los quebrando os m\u00f3veis da casa como lou\u00e7as e m\u00f3veis.<\/p>\n\n\n\n<p>A v\u00edtima relatou que possui uma medida protetiva em desfavor do acusado e que j\u00e1 n\u00e3o \u00e9 a primeira vez que ele chega embriagado em casa amea\u00e7ando sua integridade f\u00edsica bem como de seus filhos.<\/p>\n\n\n\n<p>Diante dos fatos o autor foi levado at\u00e9 a 4\u00b0 SDP para as devidas provid\u00eancias.<\/p>\n","protected":false},"excerpt":{"rendered":"<p>A equipe da Pol\u00edcia Militar de Uni\u00e3o da Vit\u00f3ria foi acionada para atender uma situa\u00e7\u00e3o de uma poss\u00edvel les\u00e3o corporal e viol\u00eancia dom\u00e9stica no bairro S\u00e3o Braz por volta das 12:30 horas dessa ter\u00e7a-feira (10). De acordo com o relat\u00f3rio policial, a solicitante relatou que seu vizinho chegou agressivo em casa e come\u00e7ou a quebrar [&hellip;]<\/p>\n","protected":false},"author":2,"featured_media":24373,"comment_status":"open","ping_status":"open","sticky":false,"template":"","format":"standard","meta":{"footnotes":""},"categories":[2],"tags":[172],"class_list":["post-27292","post","type-post","status-publish","format-standard","has-post-thumbnail","hentry","category-policial","tag-featured"],"amp_enabled":true,"_links":{"self":[{"href":"https:\/\/radiostudiow.com.br\/site\/wp-json\/wp\/v2\/posts\/27292","targetHints":{"allow":["GET"]}}],"collection":[{"href":"https:\/\/radiostudiow.com.br\/site\/wp-json\/wp\/v2\/posts"}],"about":[{"href":"https:\/\/radiostudiow.com.br\/site\/wp-json\/wp\/v2\/types\/post"}],"author":[{"embeddable":true,"href":"https:\/\/radiostudiow.com.br\/site\/wp-json\/wp\/v2\/users\/2"}],"replies":[{"embeddable":true,"href":"https:\/\/radiostudiow.com.br\/site\/wp-json\/wp\/v2\/comments?post=27292"}],"version-history":[{"count":1,"href":"https:\/\/radiostudiow.com.br\/site\/wp-json\/wp\/v2\/posts\/27292\/revisions"}],"predecessor-version":[{"id":27293,"href":"https:\/\/radiostudiow.com.br\/site\/wp-json\/wp\/v2\/posts\/27292\/revisions\/27293"}],"wp:featuredmedia":[{"embeddable":true,"href":"https:\/\/radiostudiow.com.br\/site\/wp-json\/wp\/v2\/media\/24373"}],"wp:attachment":[{"href":"https:\/\/radiostudiow.com.br\/site\/wp-json\/wp\/v2\/media?parent=27292"}],"wp:term":[{"taxonomy":"category","embeddable":true,"href":"https:\/\/radiostudiow.com.br\/site\/wp-json\/wp\/v2\/categories?post=27292"},{"taxonomy":"post_tag","embeddable":true,"href":"https:\/\/radiostudiow.com.br\/site\/wp-json\/wp\/v2\/tags?post=27292"}],"curies":[{"name":"wp","href":"https:\/\/api.w.org\/{rel}","templated":true}]}}