{"id":27294,"date":"2024-09-11T10:47:06","date_gmt":"2024-09-11T13:47:06","guid":{"rendered":"https:\/\/radiostudiow.com.br\/site\/?p=27294"},"modified":"2025-01-31T14:58:28","modified_gmt":"2025-01-31T17:58:28","slug":"incendio-em-caminhao-e-controlado-em-porto-uniao","status":"publish","type":"post","link":"https:\/\/radiostudiow.com.br\/site\/2024\/09\/11\/incendio-em-caminhao-e-controlado-em-porto-uniao\/","title":{"rendered":"Caminh\u00e3o pega fogo em Porto Uni\u00e3o"},"content":{"rendered":"\n<p>Na tarde desta ter\u00e7a-feira, 10, o Corpo de Bombeiros Militar de Porto Uni\u00e3o foi chamado para combater um inc\u00eandio em um caminh\u00e3o de carga na SC-135, nas proximidades do Distrito de S\u00e3o Miguel da Serra. Ao chegar no local, os bombeiros encontraram um caminh\u00e3o Wolkswagen\/Constelation Betoneira, de cor branca e placas Mercosul, completamente tomado pelas chamas.<\/p>\n\n\n\n<figure class=\"wp-block-image size-full\"><img loading=\"lazy\" decoding=\"async\" width=\"598\" height=\"204\" src=\"https:\/\/radiostudiow.com.br\/site\/wp-content\/uploads\/2024\/09\/AFUBRA.png\" alt=\"\" class=\"wp-image-27135\" srcset=\"https:\/\/radiostudiow.com.br\/site\/wp-content\/uploads\/2024\/09\/AFUBRA.png 598w, https:\/\/radiostudiow.com.br\/site\/wp-content\/uploads\/2024\/09\/AFUBRA-300x102.png 300w\" sizes=\"auto, (max-width: 598px) 100vw, 598px\" \/><\/figure>\n\n\n\n<p>O condutor do ve\u00edculo, um homem de 24 anos, relatou que estava subindo a serra quando ouviu um estouro na parte traseira da cabine. Ao parar o caminh\u00e3o, ele constatou que o fogo j\u00e1 havia iniciado e n\u00e3o foi poss\u00edvel controlar a situa\u00e7\u00e3o.<\/p>\n\n\n\n<p>A equipe de combate a inc\u00eandio atuou rapidamente utilizando cerca de 3.000 litros de \u00e1gua para extinguir as chamas.\u00a0Felizmente, o condutor n\u00e3o sofreu ferimentos e permaneceu no local para as provid\u00eancias necess\u00e1rias.<\/p>\n\n\n\n<p>Ap\u00f3s garantir a seguran\u00e7a do local e extinguir o inc\u00eandio, a Pol\u00edcia Militar Rodovi\u00e1ria Estadual foi acionada e a \u00e1rea foi deixada aos cuidados da Pol\u00edcia Militar de Porto Uni\u00e3o.<\/p>\n\n\n\n<figure class=\"wp-block-image size-full\"><img loading=\"lazy\" decoding=\"async\" width=\"450\" height=\"600\" src=\"https:\/\/radiostudiow.com.br\/site\/wp-content\/uploads\/2024\/09\/image-30.png\" alt=\"\" class=\"wp-image-27295\" srcset=\"https:\/\/radiostudiow.com.br\/site\/wp-content\/uploads\/2024\/09\/image-30.png 450w, https:\/\/radiostudiow.com.br\/site\/wp-content\/uploads\/2024\/09\/image-30-225x300.png 225w\" sizes=\"auto, (max-width: 450px) 100vw, 450px\" \/><\/figure>\n","protected":false},"excerpt":{"rendered":"<p>Na tarde desta ter\u00e7a-feira, 10, o Corpo de Bombeiros Militar de Porto Uni\u00e3o foi chamado para combater um inc\u00eandio em um caminh\u00e3o de carga na SC-135, nas proximidades do Distrito de S\u00e3o Miguel da Serra. Ao chegar no local, os bombeiros encontraram um caminh\u00e3o Wolkswagen\/Constelation Betoneira, de cor branca e placas Mercosul, completamente tomado pelas [&hellip;]<\/p>\n","protected":false},"author":2,"featured_media":27296,"comment_status":"open","ping_status":"open","sticky":false,"template":"","format":"standard","meta":{"footnotes":""},"categories":[185],"tags":[172],"class_list":["post-27294","post","type-post","status-publish","format-standard","has-post-thumbnail","hentry","category-regional","tag-featured"],"amp_enabled":true,"_links":{"self":[{"href":"https:\/\/radiostudiow.com.br\/site\/wp-json\/wp\/v2\/posts\/27294","targetHints":{"allow":["GET"]}}],"collection":[{"href":"https:\/\/radiostudiow.com.br\/site\/wp-json\/wp\/v2\/posts"}],"about":[{"href":"https:\/\/radiostudiow.com.br\/site\/wp-json\/wp\/v2\/types\/post"}],"author":[{"embeddable":true,"href":"https:\/\/radiostudiow.com.br\/site\/wp-json\/wp\/v2\/users\/2"}],"replies":[{"embeddable":true,"href":"https:\/\/radiostudiow.com.br\/site\/wp-json\/wp\/v2\/comments?post=27294"}],"version-history":[{"count":2,"href":"https:\/\/radiostudiow.com.br\/site\/wp-json\/wp\/v2\/posts\/27294\/revisions"}],"predecessor-version":[{"id":27309,"href":"https:\/\/radiostudiow.com.br\/site\/wp-json\/wp\/v2\/posts\/27294\/revisions\/27309"}],"wp:featuredmedia":[{"embeddable":true,"href":"https:\/\/radiostudiow.com.br\/site\/wp-json\/wp\/v2\/media\/27296"}],"wp:attachment":[{"href":"https:\/\/radiostudiow.com.br\/site\/wp-json\/wp\/v2\/media?parent=27294"}],"wp:term":[{"taxonomy":"category","embeddable":true,"href":"https:\/\/radiostudiow.com.br\/site\/wp-json\/wp\/v2\/categories?post=27294"},{"taxonomy":"post_tag","embeddable":true,"href":"https:\/\/radiostudiow.com.br\/site\/wp-json\/wp\/v2\/tags?post=27294"}],"curies":[{"name":"wp","href":"https:\/\/api.w.org\/{rel}","templated":true}]}}