{"id":27298,"date":"2024-09-11T10:56:36","date_gmt":"2024-09-11T13:56:36","guid":{"rendered":"https:\/\/radiostudiow.com.br\/site\/?p=27298"},"modified":"2025-01-31T14:58:28","modified_gmt":"2025-01-31T17:58:28","slug":"exame-nos-eua-investigara-causa-de-amputacao-de-perna-de-menina","status":"publish","type":"post","link":"https:\/\/radiostudiow.com.br\/site\/2024\/09\/11\/exame-nos-eua-investigara-causa-de-amputacao-de-perna-de-menina\/","title":{"rendered":"Exame nos EUA investigar\u00e1 causa de amputa\u00e7\u00e3o de perna de menina"},"content":{"rendered":"\n<p>O material coletado da perna amputada da&nbsp;pequena Melissa, de 4 anos, foi encaminhado pelo Hospital Materno Infantil Jesse Amarante, de Joinville, para um laborat\u00f3rio nos Estados Unidos. A previs\u00e3o \u00e9 de que o diagn\u00f3stico venha em duas semanas. Somente com este laudo ser\u00e1 poss\u00edvel deixar claro o que aconteceu com Melissa logo depois de ela ter tomado uma inje\u00e7\u00e3o de Benzetacil para tratar uma infec\u00e7\u00e3o de garganta.<\/p>\n\n\n\n<figure class=\"wp-block-image size-full\"><img loading=\"lazy\" decoding=\"async\" width=\"598\" height=\"204\" src=\"https:\/\/radiostudiow.com.br\/site\/wp-content\/uploads\/2024\/09\/AFUBRA.png\" alt=\"\" class=\"wp-image-27135\" srcset=\"https:\/\/radiostudiow.com.br\/site\/wp-content\/uploads\/2024\/09\/AFUBRA.png 598w, https:\/\/radiostudiow.com.br\/site\/wp-content\/uploads\/2024\/09\/AFUBRA-300x102.png 300w\" sizes=\"auto, (max-width: 598px) 100vw, 598px\" \/><\/figure>\n\n\n\n<p>Segundo a madrinha de Melissa, Odilene Aparecida Monteiro da Silva, a menina deve passar pela sexta cirurgia em dez dias de internamento, tudo para evitar que ela tenha complica\u00e7\u00f5es em outros \u00f3rg\u00e3os.<\/p>\n\n\n\n<p>A m\u00e9dica que atendeu Melissa no posto de sa\u00fade da localidade de S\u00e3o Jo\u00e3o dos Cavalheiros, interior de Tr\u00eas Barras, dra Aline Haag, conversou com a reportagem nesta ter\u00e7a-feira, 10. Ela contou que o quadro de Melissa era de amigdalite. <strong><em>\u201cUm quadro extremamente comum. Ent\u00e3o perguntei a m\u00e3e se ela preferia que eu receitasse medicamentos via oral ou a inje\u00e7\u00e3o de Benzetacil, que tem efeito mais r\u00e1pido. Foi quando ela me contou que a Melissa n\u00e3o gosta de tomar rem\u00e9dio e que, por isso, optaria pela inje\u00e7\u00e3o\u201d, conta Aline. A menina estava com 38 graus de febre.<\/em><\/strong><\/p>\n\n\n<div class=\"wp-block-image\">\n<figure class=\"aligncenter\"><img decoding=\"async\" src=\"https:\/\/static5.vvale.com.br\/wp-content\/uploads\/2024\/09\/melissa-1-1-576x1024-1-338x600.jpg\" alt=\"\" class=\"wp-image-548963\"\/><\/figure>\n<\/div>\n\n\n<p>Aline conta que n\u00e3o viu a administra\u00e7\u00e3o da inje\u00e7\u00e3o. A t\u00e9cnica de enfermagem, que tem 15 anos de experi\u00eancia, aplicou o medicamento na perna da menina, seguindo o protocolo para estes casos. Logo depois da aplica\u00e7\u00e3o da inje\u00e7\u00e3o, Aline voltou a ver a menina ainda no posto e mediu sua febre, que teria baixado. A m\u00e9dica frisa que a m\u00e3e n\u00e3o retornou ao posto, mas mandou uma mensagem por WhatsApp, naquela mesma tarde, relatando a rea\u00e7\u00e3o.&nbsp;<strong>\u201cNas sextas eu trabalho at\u00e9 o meio-dia no posto, ent\u00e3o \u00e0 tarde nem estava l\u00e1. A m\u00e3e me mandou a mensagem e eu a orientei a procurar o PA\u201d, afirma.<\/strong><\/p>\n\n\n\n<p>De fato, a m\u00e3e procurou o Pronto Atendimento (PA) de Tr\u00eas Barras no fim daquela tarde, acompanhada do pai da menina, o pedreiro Juc\u00e9lio Pereira. Conforme o casal relatou \u00e0 reportagem, o m\u00e9dico que atendeu Melissa falou em alergia e receitou um antial\u00e9rgico. Como Melissa n\u00e3o melhorou, no dia seguinte eles retornaram ao PA. A m\u00e9dica que atendeu a menina a transferiu para o Jesse Amarante, em Joinville. Depois de cinco cirurgias na tentativa de salvar o membro, a perna da menina foi amputada.<\/p>\n\n\n\n<figure class=\"wp-block-image size-full\"><img loading=\"lazy\" decoding=\"async\" width=\"598\" height=\"204\" src=\"https:\/\/radiostudiow.com.br\/site\/wp-content\/uploads\/2024\/04\/image-29.png\" alt=\"\" class=\"wp-image-21283\" srcset=\"https:\/\/radiostudiow.com.br\/site\/wp-content\/uploads\/2024\/04\/image-29.png 598w, https:\/\/radiostudiow.com.br\/site\/wp-content\/uploads\/2024\/04\/image-29-300x102.png 300w\" sizes=\"auto, (max-width: 598px) 100vw, 598px\" \/><\/figure>\n\n\n\n<p><strong>POSSIBILIDADES<\/strong><\/p>\n\n\n\n<p>Aline e outros m\u00e9dicos ouvidos pela reportagem levantaram a hip\u00f3tese de Melissa ter desenvolvido a chamada S\u00edndrome de Nicolau. No site da Sociedade Brasileira de Dermatologia, h\u00e1 um relato do que seria essa s\u00edndrome. Ela corresponderia a <strong><em>\u201cuma embolia c\u00fatis (evento adverso raro, decorrente da administra\u00e7\u00e3o de medicamentos intramusculares) medicamentosa com oclus\u00e3o vascular (bloqueio do fluxo sangu\u00edneo) e necrose da pele e tecidos pr\u00f3ximos,\u00a0relacionada ao uso de medica\u00e7\u00f5es como antimicrobianos beta\u2010lact\u00e2micos, anti\u2010inflamat\u00f3rios n\u00e3o esteroides (AINEs) e, mais recentemente, preenchedores de \u00e1cido hialur\u00f4nico\u201d.<\/em><\/strong><\/p>\n\n\n\n<p>Na bula de Benzetacil, h\u00e1 uma cita\u00e7\u00e3o no t\u00f3pico sobre \u201cRea\u00e7\u00f5es adversas a partir de relatos espont\u00e2neos e casos de literatura (frequ\u00eancia desconhecida)\u201d que cita como \u201cSintomas locais: Embolia cut\u00e2nea medicamentosa (S\u00edndrome de Nicolau), eritema (manchas vermelhas na pele) e hematoma no local da aplica\u00e7\u00e3o\u201d e manda que, neste caso, o paciente <strong><em>\u201cinforme a seu m\u00e9dico, cirurgi\u00e3o dentista ou farmac\u00eautico o aparecimento de rea\u00e7\u00f5es indesej\u00e1veis pelo uso do medicamento. Informe tamb\u00e9m a empresa atrav\u00e9s do seu servi\u00e7o de atendimento.\u201d<\/em><\/strong><\/p>\n\n\n\n<p>Dois m\u00e9dicos ouvidos pela reportagem na condi\u00e7\u00e3o de anonimato explicaram que se fosse um caso de s\u00edndrome de Nicolau, a rea\u00e7\u00e3o n\u00e3o seria t\u00e3o r\u00e1pida e poderia levar dias, por isso, na vis\u00e3o deles, \u00e9 mais prov\u00e1vel que tenha sido realmente uma aplica\u00e7\u00e3o da inje\u00e7\u00e3o em uma veia ou art\u00e9ria, dada a rapidez com que o quadro evoluiu. Eles ressaltam, contudo, que n\u00e3o examinando a menina fica imposs\u00edvel afirmar qualquer coisa.<\/p>\n\n\n\n<figure class=\"wp-block-image size-full\"><img loading=\"lazy\" decoding=\"async\" width=\"900\" height=\"408\" src=\"https:\/\/radiostudiow.com.br\/site\/wp-content\/uploads\/2024\/08\/image-64.png\" alt=\"\" class=\"wp-image-26531\" srcset=\"https:\/\/radiostudiow.com.br\/site\/wp-content\/uploads\/2024\/08\/image-64.png 900w, https:\/\/radiostudiow.com.br\/site\/wp-content\/uploads\/2024\/08\/image-64-300x136.png 300w, https:\/\/radiostudiow.com.br\/site\/wp-content\/uploads\/2024\/08\/image-64-768x348.png 768w\" sizes=\"auto, (max-width: 900px) 100vw, 900px\" \/><\/figure>\n\n\n\n<p><strong>PRIORIDADE<\/strong><\/p>\n\n\n\n<p>A fam\u00edlia diz que a prioridade no momento \u00e9 focar na sa\u00fade de Melissa. Eles n\u00e3o procuraram advogado nem a Pol\u00edcia para registrar boletim de ocorr\u00eancia e os pais n\u00e3o querem falar com a imprensa no momento.<\/p>\n\n\n\n<p>Eles pedem, apenas, que quem puder ajudar que doe por meio das vaquinhas virtuais abertas pela fam\u00edlia. As chaves pix para fazer doa\u00e7\u00f5es s\u00e3o:&nbsp;<strong><a href=\"mailto:melissaluara11@gmail.com\">melissaluara11@gmail.com<\/a>&nbsp;<\/strong>e&nbsp;<strong>096.892.999-05<\/strong>, em nome de Veridiane Aparecida Alves de Lima.<\/p>\n\n\n\n<p>A fam\u00edlia diz que pediu ajuda ao Munic\u00edpio de Tr\u00eas Barras, mas receberam a garantia de apenas R$ 24 por dia pelo prazo de 15 dias, o que renderia R$ 360. Ap\u00f3s os 15 dias o Munic\u00edpio tentaria uma prorroga\u00e7\u00e3o.<\/p>\n\n\n\n<p>Procurado, o Munic\u00edpio informou que deve emitir uma nota oficial sobre o caso assim que estiver conclu\u00edda a apura\u00e7\u00e3o t\u00e9cnica do ocorrido.<\/p>\n","protected":false},"excerpt":{"rendered":"<p>O material coletado da perna amputada da&nbsp;pequena Melissa, de 4 anos, foi encaminhado pelo Hospital Materno Infantil Jesse Amarante, de Joinville, para um laborat\u00f3rio nos Estados Unidos. A previs\u00e3o \u00e9 de que o diagn\u00f3stico venha em duas semanas. Somente com este laudo ser\u00e1 poss\u00edvel deixar claro o que aconteceu com Melissa logo depois de ela [&hellip;]<\/p>\n","protected":false},"author":2,"featured_media":27299,"comment_status":"open","ping_status":"open","sticky":false,"template":"","format":"standard","meta":{"footnotes":""},"categories":[185],"tags":[172],"class_list":["post-27298","post","type-post","status-publish","format-standard","has-post-thumbnail","hentry","category-regional","tag-featured"],"amp_enabled":true,"_links":{"self":[{"href":"https:\/\/radiostudiow.com.br\/site\/wp-json\/wp\/v2\/posts\/27298","targetHints":{"allow":["GET"]}}],"collection":[{"href":"https:\/\/radiostudiow.com.br\/site\/wp-json\/wp\/v2\/posts"}],"about":[{"href":"https:\/\/radiostudiow.com.br\/site\/wp-json\/wp\/v2\/types\/post"}],"author":[{"embeddable":true,"href":"https:\/\/radiostudiow.com.br\/site\/wp-json\/wp\/v2\/users\/2"}],"replies":[{"embeddable":true,"href":"https:\/\/radiostudiow.com.br\/site\/wp-json\/wp\/v2\/comments?post=27298"}],"version-history":[{"count":1,"href":"https:\/\/radiostudiow.com.br\/site\/wp-json\/wp\/v2\/posts\/27298\/revisions"}],"predecessor-version":[{"id":27300,"href":"https:\/\/radiostudiow.com.br\/site\/wp-json\/wp\/v2\/posts\/27298\/revisions\/27300"}],"wp:featuredmedia":[{"embeddable":true,"href":"https:\/\/radiostudiow.com.br\/site\/wp-json\/wp\/v2\/media\/27299"}],"wp:attachment":[{"href":"https:\/\/radiostudiow.com.br\/site\/wp-json\/wp\/v2\/media?parent=27298"}],"wp:term":[{"taxonomy":"category","embeddable":true,"href":"https:\/\/radiostudiow.com.br\/site\/wp-json\/wp\/v2\/categories?post=27298"},{"taxonomy":"post_tag","embeddable":true,"href":"https:\/\/radiostudiow.com.br\/site\/wp-json\/wp\/v2\/tags?post=27298"}],"curies":[{"name":"wp","href":"https:\/\/api.w.org\/{rel}","templated":true}]}}