{"id":27302,"date":"2024-09-11T11:03:54","date_gmt":"2024-09-11T14:03:54","guid":{"rendered":"https:\/\/radiostudiow.com.br\/site\/?p=27302"},"modified":"2025-01-31T14:58:28","modified_gmt":"2025-01-31T17:58:28","slug":"colisao-entre-veiculos-em-uniao-da-vitoria","status":"publish","type":"post","link":"https:\/\/radiostudiow.com.br\/site\/2024\/09\/11\/colisao-entre-veiculos-em-uniao-da-vitoria\/","title":{"rendered":"Colis\u00e3o entre ve\u00edculos em Uni\u00e3o da Vit\u00f3ria"},"content":{"rendered":"\n<p>Na tarde desta ter\u00e7a-feira, 10, as guarni\u00e7\u00f5es do Corpo de Bombeiros Militar de Porto Uni\u00e3o foram acionadas para atender um acidente de tr\u00e2nsito na Rua Prudente de Moraes. O incidente envolveu uma colis\u00e3o entre dois ve\u00edculos e contou com o apoio do Servi\u00e7o de Atendimento M\u00f3vel de Urg\u00eancia (Samu).<\/p>\n\n\n\n<figure class=\"wp-block-image size-full\"><img loading=\"lazy\" decoding=\"async\" width=\"897\" height=\"204\" src=\"https:\/\/radiostudiow.com.br\/site\/wp-content\/uploads\/2024\/04\/image-38.png\" alt=\"\" class=\"wp-image-21308\" srcset=\"https:\/\/radiostudiow.com.br\/site\/wp-content\/uploads\/2024\/04\/image-38.png 897w, https:\/\/radiostudiow.com.br\/site\/wp-content\/uploads\/2024\/04\/image-38-300x68.png 300w, https:\/\/radiostudiow.com.br\/site\/wp-content\/uploads\/2024\/04\/image-38-768x175.png 768w\" sizes=\"auto, (max-width: 897px) 100vw, 897px\" \/><\/figure>\n\n\n\n<p>Chegando ao local, os bombeiros confirmaram a ocorr\u00eancia e encontraram a condutora de um VW\/Fusca azul, com placas de Uni\u00e3o da Vit\u00f3ria, presa dentro do carro. A idosa, de 88 anos, estava consciente e orientada, relatando estar nervosa e com escoria\u00e7\u00f5es na face e no membro superior direito.<\/p>\n\n\n\n<p>Durante a avalia\u00e7\u00e3o, foram constatados sinais vitais alterados, com press\u00e3o arterial de 160\/90. As equipes utilizaram t\u00e9cnicas de desencarceramento para retirar a v\u00edtima do ve\u00edculo, que foi ent\u00e3o encaminhada pelo Samu para uma unidade hospitalar para receber atendimento m\u00e9dico.<\/p>\n\n\n\n<figure class=\"wp-block-image size-full\"><img loading=\"lazy\" decoding=\"async\" width=\"720\" height=\"540\" src=\"https:\/\/radiostudiow.com.br\/site\/wp-content\/uploads\/2024\/09\/image-33.png\" alt=\"\" class=\"wp-image-27303\" srcset=\"https:\/\/radiostudiow.com.br\/site\/wp-content\/uploads\/2024\/09\/image-33.png 720w, https:\/\/radiostudiow.com.br\/site\/wp-content\/uploads\/2024\/09\/image-33-300x225.png 300w\" sizes=\"auto, (max-width: 720px) 100vw, 720px\" \/><\/figure>\n\n\n\n<p>A condutora do outro ve\u00edculo envolvido, um Peugeot branco com placas de Uni\u00e3o da Vit\u00f3ria, uma mulher de 61 anos, aparentemente n\u00e3o sofreu ferimentos graves. Contudo, por precau\u00e7\u00e3o, ela foi encaminhada ao Hospital Regional de Uni\u00e3o da Vit\u00f3ria para uma avalia\u00e7\u00e3o m\u00e9dica.<\/p>\n\n\n\n<p>O local do acidente foi isolado e a situa\u00e7\u00e3o ficou sob os cuidados da Pol\u00edcia Militar de Uni\u00e3o da Vit\u00f3ria, que segue investigando as circunst\u00e2ncias da colis\u00e3o.<\/p>\n\n\n\n<figure class=\"wp-block-image size-full\"><img loading=\"lazy\" decoding=\"async\" width=\"450\" height=\"600\" src=\"https:\/\/radiostudiow.com.br\/site\/wp-content\/uploads\/2024\/09\/image-34.png\" alt=\"\" class=\"wp-image-27304\" srcset=\"https:\/\/radiostudiow.com.br\/site\/wp-content\/uploads\/2024\/09\/image-34.png 450w, https:\/\/radiostudiow.com.br\/site\/wp-content\/uploads\/2024\/09\/image-34-225x300.png 225w\" sizes=\"auto, (max-width: 450px) 100vw, 450px\" \/><\/figure>\n","protected":false},"excerpt":{"rendered":"<p>Na tarde desta ter\u00e7a-feira, 10, as guarni\u00e7\u00f5es do Corpo de Bombeiros Militar de Porto Uni\u00e3o foram acionadas para atender um acidente de tr\u00e2nsito na Rua Prudente de Moraes. O incidente envolveu uma colis\u00e3o entre dois ve\u00edculos e contou com o apoio do Servi\u00e7o de Atendimento M\u00f3vel de Urg\u00eancia (Samu). Chegando ao local, os bombeiros confirmaram [&hellip;]<\/p>\n","protected":false},"author":2,"featured_media":27305,"comment_status":"open","ping_status":"open","sticky":false,"template":"","format":"standard","meta":{"footnotes":""},"categories":[185],"tags":[172],"class_list":["post-27302","post","type-post","status-publish","format-standard","has-post-thumbnail","hentry","category-regional","tag-featured"],"amp_enabled":true,"_links":{"self":[{"href":"https:\/\/radiostudiow.com.br\/site\/wp-json\/wp\/v2\/posts\/27302","targetHints":{"allow":["GET"]}}],"collection":[{"href":"https:\/\/radiostudiow.com.br\/site\/wp-json\/wp\/v2\/posts"}],"about":[{"href":"https:\/\/radiostudiow.com.br\/site\/wp-json\/wp\/v2\/types\/post"}],"author":[{"embeddable":true,"href":"https:\/\/radiostudiow.com.br\/site\/wp-json\/wp\/v2\/users\/2"}],"replies":[{"embeddable":true,"href":"https:\/\/radiostudiow.com.br\/site\/wp-json\/wp\/v2\/comments?post=27302"}],"version-history":[{"count":1,"href":"https:\/\/radiostudiow.com.br\/site\/wp-json\/wp\/v2\/posts\/27302\/revisions"}],"predecessor-version":[{"id":27306,"href":"https:\/\/radiostudiow.com.br\/site\/wp-json\/wp\/v2\/posts\/27302\/revisions\/27306"}],"wp:featuredmedia":[{"embeddable":true,"href":"https:\/\/radiostudiow.com.br\/site\/wp-json\/wp\/v2\/media\/27305"}],"wp:attachment":[{"href":"https:\/\/radiostudiow.com.br\/site\/wp-json\/wp\/v2\/media?parent=27302"}],"wp:term":[{"taxonomy":"category","embeddable":true,"href":"https:\/\/radiostudiow.com.br\/site\/wp-json\/wp\/v2\/categories?post=27302"},{"taxonomy":"post_tag","embeddable":true,"href":"https:\/\/radiostudiow.com.br\/site\/wp-json\/wp\/v2\/tags?post=27302"}],"curies":[{"name":"wp","href":"https:\/\/api.w.org\/{rel}","templated":true}]}}