{"id":27320,"date":"2024-09-11T19:36:18","date_gmt":"2024-09-11T22:36:18","guid":{"rendered":"https:\/\/radiostudiow.com.br\/site\/?p=27320"},"modified":"2025-01-31T14:58:28","modified_gmt":"2025-01-31T17:58:28","slug":"operacao-prende-12-pessoas-e-apreende-34-toneladas-de-fios-de-cobre-no-parana","status":"publish","type":"post","link":"https:\/\/radiostudiow.com.br\/site\/2024\/09\/11\/operacao-prende-12-pessoas-e-apreende-34-toneladas-de-fios-de-cobre-no-parana\/","title":{"rendered":"Opera\u00e7\u00e3o prende 12 pessoas e apreende 3,4 toneladas de fios de cobre no Paran\u00e1"},"content":{"rendered":"\n<p>Com a coordena\u00e7\u00e3o da Secretaria da Seguran\u00e7a P\u00fablica do Paran\u00e1 (SESP) e atua\u00e7\u00e3o das pol\u00edcias Civil, Militar, Penal e Cient\u00edfica, foi realizada nesta ter\u00e7a-feira (10) a Opera\u00e7\u00e3o Conectividade, que contou com mais de 800 policiais atuando em 28 munic\u00edpios do Estado.&nbsp;<\/p>\n\n\n\n<p>A a\u00e7\u00e3o resultou em 221 alvos fiscalizados, 3,6 toneladas de fios de cobre apreendidas e 12 pessoas presas em flagrante.&nbsp;O objetivo das for\u00e7as de seguran\u00e7a \u00e9 desarticular quadrilhas envolvidas nos crimes de furto e roubo de fios de cobre.<\/p>\n\n\n\n<figure class=\"wp-block-image size-full\"><img loading=\"lazy\" decoding=\"async\" width=\"590\" height=\"204\" src=\"https:\/\/radiostudiow.com.br\/site\/wp-content\/uploads\/2024\/04\/image-27.png\" alt=\"\" class=\"wp-image-21280\" srcset=\"https:\/\/radiostudiow.com.br\/site\/wp-content\/uploads\/2024\/04\/image-27.png 590w, https:\/\/radiostudiow.com.br\/site\/wp-content\/uploads\/2024\/04\/image-27-300x104.png 300w\" sizes=\"auto, (max-width: 590px) 100vw, 590px\" \/><\/figure>\n\n\n\n<p><strong><em>\u201cEstamos intensificando nossas a\u00e7\u00f5es para combater esses crimes, n\u00e3o apenas para reduzir os impactos econ\u00f4micos e sociais, mas tamb\u00e9m para garantir que servi\u00e7os essenciais, como energia e telecomunica\u00e7\u00f5es, n\u00e3o sejam comprometidos. A parceria com empresas de telefonia e com a Copel tem sido fundamental para a identifica\u00e7\u00e3o e a atua\u00e7\u00e3o em pontos cr\u00edticos\u201d, disse o secret\u00e1rio da Seguran\u00e7a P\u00fablica, Hudson Le\u00f4ncio Teixeira.<\/em><\/strong><\/p>\n\n\n\n<p><strong><em>\u201cA Sesp e suas for\u00e7as policiais t\u00eam atuado em conjunto com as empresas de telefonia. Contamos com uma opera\u00e7\u00e3o continuada realizada todo o ano, onde o objetivo principal \u00e9 localizar quadrilhas, identificar cabos que s\u00e3o furtados e roubados e atuar de forma muito incisiva para diminuir essas a\u00e7\u00f5es\u201d, destacou o coordenador de Opera\u00e7\u00f5es Integradas de Seguran\u00e7a P\u00fablica (Coisp), coronel S\u00e9rgio Augusto Ramos.<\/em><\/strong><\/p>\n\n\n\n<p>O delegado-chefe do Centro de Opera\u00e7\u00f5es Especiais (Cope), Rodrigo Brown, falou sobre os danos este tipo de crime pode gerar. <strong><em>\u201c\u00c9 um trabalho muito importante, porque \u00e9 um problema que afeta a todos. Esses crimes provocam interrup\u00e7\u00e3o moment\u00e2nea de atividades essenciais, com espa\u00e7os p\u00fablicos e privados. As for\u00e7as de seguran\u00e7a v\u00eam trabalhando sempre com afinco para combater esse tipo de crime\u201d.<\/em><\/strong><\/p>\n\n\n\n<figure class=\"wp-block-image size-full\"><img loading=\"lazy\" decoding=\"async\" width=\"900\" height=\"408\" src=\"https:\/\/radiostudiow.com.br\/site\/wp-content\/uploads\/2024\/08\/image-64.png\" alt=\"\" class=\"wp-image-26531\" srcset=\"https:\/\/radiostudiow.com.br\/site\/wp-content\/uploads\/2024\/08\/image-64.png 900w, https:\/\/radiostudiow.com.br\/site\/wp-content\/uploads\/2024\/08\/image-64-300x136.png 300w, https:\/\/radiostudiow.com.br\/site\/wp-content\/uploads\/2024\/08\/image-64-768x348.png 768w\" sizes=\"auto, (max-width: 900px) 100vw, 900px\" \/><\/figure>\n\n\n\n<p>A opera\u00e7\u00e3o \u00e9 resultado do diagn\u00f3stico de um Grupo de Trabalho institu\u00eddo na pasta para averiguar as causas e consequ\u00eancias do crime. O grupo estabeleceu tr\u00eas frentes de enfrentamento: intensifica\u00e7\u00e3o das a\u00e7\u00f5es de fiscaliza\u00e7\u00e3o e repress\u00e3o; a\u00e7\u00f5es pontuais de forma simult\u00e2nea em diversos pontos do Estado; e elabora\u00e7\u00e3o de um relat\u00f3rio t\u00e9cnico, definindo diretrizes e protocolos de atua\u00e7\u00e3o junto das operadoras para preven\u00e7\u00e3o.<\/p>\n\n\n\n<p><strong><em>\u201cAtrav\u00e9s das investiga\u00e7\u00f5es da pol\u00edcia civil e as ag\u00eancias locais de intelig\u00eancia da Pol\u00edcia Militar, foram identificados pontos como sendo de maior probabilidade de encontrar fios de cobre. Com essas informa\u00e7\u00f5es foi desencadeada essa opera\u00e7\u00e3o\u201d, avaliou o porta-voz da PMPR, 1\u00ba tenente Maycon.<\/em><\/strong><\/p>\n\n\n\n<p><em><strong>\u201cEssa parceria da Copel com a Sesp e tamb\u00e9m com as operadoras de telefonia \u00e9 muito importante porque, al\u00e9m do furto, gera um problema muito grande na sociedade com rela\u00e7\u00e3o a interrup\u00e7\u00f5es de servi\u00e7os de energia e de telefonia que a gente sabe que s\u00e3o primordiais hoje na sociedade\u201d, comentou o representante da Copel, Tiago Maciel.<\/strong><\/em><\/p>\n","protected":false},"excerpt":{"rendered":"<p>Com a coordena\u00e7\u00e3o da Secretaria da Seguran\u00e7a P\u00fablica do Paran\u00e1 (SESP) e atua\u00e7\u00e3o das pol\u00edcias Civil, Militar, Penal e Cient\u00edfica, foi realizada nesta ter\u00e7a-feira (10) a Opera\u00e7\u00e3o Conectividade, que contou com mais de 800 policiais atuando em 28 munic\u00edpios do Estado.&nbsp; A a\u00e7\u00e3o resultou em 221 alvos fiscalizados, 3,6 toneladas de fios de cobre apreendidas [&hellip;]<\/p>\n","protected":false},"author":2,"featured_media":27321,"comment_status":"open","ping_status":"open","sticky":false,"template":"","format":"standard","meta":{"footnotes":""},"categories":[2],"tags":[172],"class_list":["post-27320","post","type-post","status-publish","format-standard","has-post-thumbnail","hentry","category-policial","tag-featured"],"amp_enabled":true,"_links":{"self":[{"href":"https:\/\/radiostudiow.com.br\/site\/wp-json\/wp\/v2\/posts\/27320","targetHints":{"allow":["GET"]}}],"collection":[{"href":"https:\/\/radiostudiow.com.br\/site\/wp-json\/wp\/v2\/posts"}],"about":[{"href":"https:\/\/radiostudiow.com.br\/site\/wp-json\/wp\/v2\/types\/post"}],"author":[{"embeddable":true,"href":"https:\/\/radiostudiow.com.br\/site\/wp-json\/wp\/v2\/users\/2"}],"replies":[{"embeddable":true,"href":"https:\/\/radiostudiow.com.br\/site\/wp-json\/wp\/v2\/comments?post=27320"}],"version-history":[{"count":2,"href":"https:\/\/radiostudiow.com.br\/site\/wp-json\/wp\/v2\/posts\/27320\/revisions"}],"predecessor-version":[{"id":27344,"href":"https:\/\/radiostudiow.com.br\/site\/wp-json\/wp\/v2\/posts\/27320\/revisions\/27344"}],"wp:featuredmedia":[{"embeddable":true,"href":"https:\/\/radiostudiow.com.br\/site\/wp-json\/wp\/v2\/media\/27321"}],"wp:attachment":[{"href":"https:\/\/radiostudiow.com.br\/site\/wp-json\/wp\/v2\/media?parent=27320"}],"wp:term":[{"taxonomy":"category","embeddable":true,"href":"https:\/\/radiostudiow.com.br\/site\/wp-json\/wp\/v2\/categories?post=27320"},{"taxonomy":"post_tag","embeddable":true,"href":"https:\/\/radiostudiow.com.br\/site\/wp-json\/wp\/v2\/tags?post=27320"}],"curies":[{"name":"wp","href":"https:\/\/api.w.org\/{rel}","templated":true}]}}