{"id":27323,"date":"2024-09-11T19:42:03","date_gmt":"2024-09-11T22:42:03","guid":{"rendered":"https:\/\/radiostudiow.com.br\/site\/?p=27323"},"modified":"2025-01-31T14:58:28","modified_gmt":"2025-01-31T17:58:28","slug":"governo-oferta-500-vagas-para-capacitacao-de-educadores-e-tecnicos","status":"publish","type":"post","link":"https:\/\/radiostudiow.com.br\/site\/2024\/09\/11\/governo-oferta-500-vagas-para-capacitacao-de-educadores-e-tecnicos\/","title":{"rendered":"Governo oferta 500 vagas para capacita\u00e7\u00e3o de educadores e t\u00e9cnicos"},"content":{"rendered":"\n<p>Professores e estudantes universit\u00e1rios e profissionais da carreira t\u00e9cnico-administrativa de institui\u00e7\u00f5es de ensino superior do Paran\u00e1, p\u00fablicas e privadas, podem se inscrever at\u00e9 quinta-feira (12) em um curso de aperfei\u00e7oamento e capacita\u00e7\u00e3o para o desenvolvimento de a\u00e7\u00f5es de extens\u00e3o. Ao todo, s\u00e3o ofertadas 500 vagas gratuitas, com in\u00edcio das aulas previsto para 16 de setembro.<\/p>\n\n\n\n<p>A iniciativa \u00e9 da Secretaria da Ci\u00eancia, Tecnologia e Ensino Superior (Seti) e est\u00e1 alinhada \u00e0 curriculariza\u00e7\u00e3o da extens\u00e3o, que busca integrar as atividades extensionistas nos curr\u00edculos dos cursos de n\u00edvel superior. O objetivo \u00e9 integrar a teoria e a pr\u00e1tica, e possibilitar que os universit\u00e1rios desenvolvam compet\u00eancias e habilidades para a solu\u00e7\u00e3o de desafios comunit\u00e1rios, ao mesmo tempo em que ampliam a forma\u00e7\u00e3o acad\u00eamica e profissional.<\/p>\n\n\n\n<figure class=\"wp-block-image size-full\"><img loading=\"lazy\" decoding=\"async\" width=\"598\" height=\"204\" src=\"https:\/\/radiostudiow.com.br\/site\/wp-content\/uploads\/2024\/09\/AFUBRA.png\" alt=\"\" class=\"wp-image-27135\" srcset=\"https:\/\/radiostudiow.com.br\/site\/wp-content\/uploads\/2024\/09\/AFUBRA.png 598w, https:\/\/radiostudiow.com.br\/site\/wp-content\/uploads\/2024\/09\/AFUBRA-300x102.png 300w\" sizes=\"auto, (max-width: 598px) 100vw, 598px\" \/><\/figure>\n\n\n\n<p>O conte\u00fado ser\u00e1 aplicado no formato&nbsp;de&nbsp;ensino a&nbsp;dist\u00e2ncia (EAD), com atividades remotas e ass\u00edncronas, que totalizam 180 horas distribu\u00eddas em sete m\u00f3dulos de aprendizagem. Os temas abordam a origem da extens\u00e3o universit\u00e1ria, metodologia, planejamento e gest\u00e3o de pol\u00edticas para pr\u00e1ticas extensionistas.<\/p>\n\n\n\n<p>Das vagas ofertadas, 455 est\u00e3o previstas para as sete universidades estaduais. Outras 15 vagas podem ser preenchidas por inscritos da Universidade Federal do Paran\u00e1 (UFPR), da Universidade Tecnol\u00f3gica Federal do Paran\u00e1 (UTFPR) e do Instituto Federal de Educa\u00e7\u00e3o, Ci\u00eancia e Tecnologia do Paran\u00e1 (IFPR).<\/p>\n\n\n\n<p>Outras 15 vagas s\u00e3o destinadas para servidores da Secretaria de Estado da Educa\u00e7\u00e3o (Seed) e oito vagas para profissionais ligados a institui\u00e7\u00f5es de ensino superior privadas. Os servidores da Seti e da Funda\u00e7\u00e3o Arauc\u00e1ria contam com sete vagas dispon\u00edveis.<\/p>\n\n\n\n<figure class=\"wp-block-image size-full is-resized\"><img loading=\"lazy\" decoding=\"async\" width=\"900\" height=\"408\" src=\"https:\/\/radiostudiow.com.br\/site\/wp-content\/uploads\/2024\/04\/image-21.png\" alt=\"\" class=\"wp-image-21214\" style=\"width:609px;height:auto\" srcset=\"https:\/\/radiostudiow.com.br\/site\/wp-content\/uploads\/2024\/04\/image-21.png 900w, https:\/\/radiostudiow.com.br\/site\/wp-content\/uploads\/2024\/04\/image-21-300x136.png 300w, https:\/\/radiostudiow.com.br\/site\/wp-content\/uploads\/2024\/04\/image-21-768x348.png 768w\" sizes=\"auto, (max-width: 900px) 100vw, 900px\" \/><\/figure>\n\n\n\n<p>O objetivo do curso \u00e9 capacitar e qualificar pessoas para o desenvolvimento de projetos das universidades com a comunidade. A proposta \u00e9 resultado de uma parceria que envolve a Universidade Virtual do Paran\u00e1 (UVPR), um programa coordenado pela Seti, que re\u00fane os centros de EAD das institui\u00e7\u00f5es de ensino superior ligadas ao governo estadual. A produ\u00e7\u00e3o do conte\u00fado contou com o apoio da Universidade Estadual de Ponta Grossa (UEPG), por meio do N\u00facleo de Tecnologia e Educa\u00e7\u00e3o Aberta e a Dist\u00e2ncia (Nutead).<\/p>\n\n\n\n<p>Para a coordenadora do projeto, professora \u00c9dina Schimanski, do Curso de Servi\u00e7o Social da UEPG, a universidade deve se aproximar cada vez mais da comunidade e da sociedade. <strong><em>\u201cEmbora isso ocorra em v\u00e1rias frentes, a extens\u00e3o \u00e9 um espa\u00e7o privilegiado para essa intera\u00e7\u00e3o, promovendo transforma\u00e7\u00f5es significativas\u201d, afirma.<\/em><\/strong> <strong><em>\u201cO curso de forma\u00e7\u00e3o extensionista busca aprimorar a qualidade dos projetos e a capacita\u00e7\u00e3o de docentes e agentes universit\u00e1rios, aprofundando a rela\u00e7\u00e3o com a comunidade\u201d, sinaliza a professora.<\/em><\/strong><\/p>\n\n\n\n<p>Juntas, as universidades estaduais do Paran\u00e1 desenvolvem mais de mil a\u00e7\u00f5es de extens\u00e3o, entre projetos, cursos, eventos e servi\u00e7os que atendem a popula\u00e7\u00e3o de forma direta ou indireta.<\/p>\n\n\n\n<figure class=\"wp-block-image size-full\"><img loading=\"lazy\" decoding=\"async\" width=\"300\" height=\"180\" src=\"https:\/\/radiostudiow.com.br\/site\/wp-content\/uploads\/2024\/04\/SITE-PEQUENO.png\" alt=\"\" class=\"wp-image-21712\"\/><\/figure>\n\n\n\n<p><strong>LEGISLA\u00c7\u00c3O \u2013<\/strong>&nbsp;A extens\u00e3o passou a ser obrigat\u00f3ria nos curr\u00edculos dos cursos de gradua\u00e7\u00e3o para as institui\u00e7\u00f5es p\u00fablicas e privadas. As diretrizes para a extens\u00e3o na educa\u00e7\u00e3o superior brasileira s\u00e3o estabelecidas pelo Conselho Nacional de Educa\u00e7\u00e3o (CNE) e as avalia\u00e7\u00f5es do Minist\u00e9rio da Educa\u00e7\u00e3o (MEC) consideram o percentual previsto para atividades extensionistas nos curr\u00edculos.<\/p>\n\n\n\n<p><strong>Servi\u00e7o:<\/strong><\/p>\n\n\n\n<p>Inscri\u00e7\u00f5es: at\u00e9 12 de setembro \u2013 Edital&nbsp;<a href=\"https:\/\/ead.uepg.br\/apl\/sigma\/assets\/editais\/PS0970E4461.pdf\" rel=\"noreferrer noopener\" target=\"_blank\"><strong>AQUI<\/strong><\/a><\/p>\n\n\n\n<p>In\u00edcio das aulas: 16 de setembro<\/p>\n","protected":false},"excerpt":{"rendered":"<p>Professores e estudantes universit\u00e1rios e profissionais da carreira t\u00e9cnico-administrativa de institui\u00e7\u00f5es de ensino superior do Paran\u00e1, p\u00fablicas e privadas, podem se inscrever at\u00e9 quinta-feira (12) em um curso de aperfei\u00e7oamento e capacita\u00e7\u00e3o para o desenvolvimento de a\u00e7\u00f5es de extens\u00e3o. Ao todo, s\u00e3o ofertadas 500 vagas gratuitas, com in\u00edcio das aulas previsto para 16 de setembro. [&hellip;]<\/p>\n","protected":false},"author":2,"featured_media":27324,"comment_status":"open","ping_status":"open","sticky":false,"template":"","format":"standard","meta":{"footnotes":""},"categories":[7],"tags":[172],"class_list":["post-27323","post","type-post","status-publish","format-standard","has-post-thumbnail","hentry","category-geral","tag-featured"],"amp_enabled":true,"_links":{"self":[{"href":"https:\/\/radiostudiow.com.br\/site\/wp-json\/wp\/v2\/posts\/27323","targetHints":{"allow":["GET"]}}],"collection":[{"href":"https:\/\/radiostudiow.com.br\/site\/wp-json\/wp\/v2\/posts"}],"about":[{"href":"https:\/\/radiostudiow.com.br\/site\/wp-json\/wp\/v2\/types\/post"}],"author":[{"embeddable":true,"href":"https:\/\/radiostudiow.com.br\/site\/wp-json\/wp\/v2\/users\/2"}],"replies":[{"embeddable":true,"href":"https:\/\/radiostudiow.com.br\/site\/wp-json\/wp\/v2\/comments?post=27323"}],"version-history":[{"count":2,"href":"https:\/\/radiostudiow.com.br\/site\/wp-json\/wp\/v2\/posts\/27323\/revisions"}],"predecessor-version":[{"id":27349,"href":"https:\/\/radiostudiow.com.br\/site\/wp-json\/wp\/v2\/posts\/27323\/revisions\/27349"}],"wp:featuredmedia":[{"embeddable":true,"href":"https:\/\/radiostudiow.com.br\/site\/wp-json\/wp\/v2\/media\/27324"}],"wp:attachment":[{"href":"https:\/\/radiostudiow.com.br\/site\/wp-json\/wp\/v2\/media?parent=27323"}],"wp:term":[{"taxonomy":"category","embeddable":true,"href":"https:\/\/radiostudiow.com.br\/site\/wp-json\/wp\/v2\/categories?post=27323"},{"taxonomy":"post_tag","embeddable":true,"href":"https:\/\/radiostudiow.com.br\/site\/wp-json\/wp\/v2\/tags?post=27323"}],"curies":[{"name":"wp","href":"https:\/\/api.w.org\/{rel}","templated":true}]}}