{"id":27330,"date":"2024-09-11T17:38:38","date_gmt":"2024-09-11T20:38:38","guid":{"rendered":"https:\/\/radiostudiow.com.br\/site\/?p=27330"},"modified":"2025-01-31T14:58:28","modified_gmt":"2025-01-31T17:58:28","slug":"morre-aos-93-anos-o-jornalista-luiz-geraldo-mazza","status":"publish","type":"post","link":"https:\/\/radiostudiow.com.br\/site\/2024\/09\/11\/morre-aos-93-anos-o-jornalista-luiz-geraldo-mazza\/","title":{"rendered":"Morre aos 93 anos o jornalista Luiz Geraldo Mazza"},"content":{"rendered":"\n<p><em><strong>Morreu na noite de ter\u00e7a-feira (10), em Curitiba, o jornalista paranaense Luiz Geraldo Mazza, aos 93 anos. Luiz estava internado desde julho deste ano em um hospital da cidade.<\/strong><\/em><\/p>\n\n\n\n<p>Luiz era uma das referencias na \u00e1rea da comunica\u00e7\u00e3o no Paran\u00e1 e atuou em diversas \u00e1reas do jornalismo durante sua trajet\u00f3ria. Formado em Direito em 1954 pela Universidade Federal do Paran\u00e1 (UFPR), consolidou sua carreira em ve\u00edculos de impressa como o Di\u00e1rio do Paran\u00e1 e no \u00daltima Hora.<\/p>\n\n\n\n<figure class=\"wp-block-image size-full\"><img loading=\"lazy\" decoding=\"async\" width=\"900\" height=\"408\" src=\"https:\/\/radiostudiow.com.br\/site\/wp-content\/uploads\/2024\/08\/image-64.png\" alt=\"\" class=\"wp-image-26531\" srcset=\"https:\/\/radiostudiow.com.br\/site\/wp-content\/uploads\/2024\/08\/image-64.png 900w, https:\/\/radiostudiow.com.br\/site\/wp-content\/uploads\/2024\/08\/image-64-300x136.png 300w, https:\/\/radiostudiow.com.br\/site\/wp-content\/uploads\/2024\/08\/image-64-768x348.png 768w\" sizes=\"auto, (max-width: 900px) 100vw, 900px\" \/><\/figure>\n\n\n\n<p>Ao longo de sua trajet\u00f3ria profissional, Mazza atou como chefe de reportagem, chefe de reda\u00e7\u00e3o e editor de opini\u00e3o. Trabalhando, ainda, nas reda\u00e7\u00f5es do Correio de Not\u00edcias, Folha de Londrina, Ind\u00fastria e Com\u00e9rcio e Folha de S\u00e3o Paulo. Esteve \u00e0 frente do telejornalismo da TV Paranaense Canal 12 por dez anos e participou como colaborador dos jornais Di\u00e1rio da Tarde, de Curitiba, Di\u00e1rio do Com\u00e9rcio, de Paranagu\u00e1, e de diversas revistas regionais.<\/p>\n","protected":false},"excerpt":{"rendered":"<p>Morreu na noite de ter\u00e7a-feira (10), em Curitiba, o jornalista paranaense Luiz Geraldo Mazza, aos 93 anos. Luiz estava internado desde julho deste ano em um hospital da cidade. Luiz era uma das referencias na \u00e1rea da comunica\u00e7\u00e3o no Paran\u00e1 e atuou em diversas \u00e1reas do jornalismo durante sua trajet\u00f3ria. Formado em Direito em 1954 [&hellip;]<\/p>\n","protected":false},"author":2,"featured_media":27331,"comment_status":"open","ping_status":"open","sticky":false,"template":"","format":"standard","meta":{"footnotes":""},"categories":[7],"tags":[172],"class_list":["post-27330","post","type-post","status-publish","format-standard","has-post-thumbnail","hentry","category-geral","tag-featured"],"amp_enabled":true,"_links":{"self":[{"href":"https:\/\/radiostudiow.com.br\/site\/wp-json\/wp\/v2\/posts\/27330","targetHints":{"allow":["GET"]}}],"collection":[{"href":"https:\/\/radiostudiow.com.br\/site\/wp-json\/wp\/v2\/posts"}],"about":[{"href":"https:\/\/radiostudiow.com.br\/site\/wp-json\/wp\/v2\/types\/post"}],"author":[{"embeddable":true,"href":"https:\/\/radiostudiow.com.br\/site\/wp-json\/wp\/v2\/users\/2"}],"replies":[{"embeddable":true,"href":"https:\/\/radiostudiow.com.br\/site\/wp-json\/wp\/v2\/comments?post=27330"}],"version-history":[{"count":1,"href":"https:\/\/radiostudiow.com.br\/site\/wp-json\/wp\/v2\/posts\/27330\/revisions"}],"predecessor-version":[{"id":27332,"href":"https:\/\/radiostudiow.com.br\/site\/wp-json\/wp\/v2\/posts\/27330\/revisions\/27332"}],"wp:featuredmedia":[{"embeddable":true,"href":"https:\/\/radiostudiow.com.br\/site\/wp-json\/wp\/v2\/media\/27331"}],"wp:attachment":[{"href":"https:\/\/radiostudiow.com.br\/site\/wp-json\/wp\/v2\/media?parent=27330"}],"wp:term":[{"taxonomy":"category","embeddable":true,"href":"https:\/\/radiostudiow.com.br\/site\/wp-json\/wp\/v2\/categories?post=27330"},{"taxonomy":"post_tag","embeddable":true,"href":"https:\/\/radiostudiow.com.br\/site\/wp-json\/wp\/v2\/tags?post=27330"}],"curies":[{"name":"wp","href":"https:\/\/api.w.org\/{rel}","templated":true}]}}