{"id":27333,"date":"2024-09-11T19:38:12","date_gmt":"2024-09-11T22:38:12","guid":{"rendered":"https:\/\/radiostudiow.com.br\/site\/?p=27333"},"modified":"2025-01-31T14:58:28","modified_gmt":"2025-01-31T17:58:28","slug":"policia-civil-prende-homem-condenado-a-21-anos-de-prisao-em-sao-mateus-do-sul","status":"publish","type":"post","link":"https:\/\/radiostudiow.com.br\/site\/2024\/09\/11\/policia-civil-prende-homem-condenado-a-21-anos-de-prisao-em-sao-mateus-do-sul\/","title":{"rendered":"Pol\u00edcia Civil prende homem condenado a 21 anos de pris\u00e3o em S\u00e3o Mateus do Sul"},"content":{"rendered":"\n<p>A equipe da Pol\u00edcia Civil do Paran\u00e1, por meio da 3\u00aa Subdivis\u00e3o Policial de S\u00e3o Mateus do Sul, prendeu um homem, de 20 anos, com mandado de pris\u00e3o por diversos crimes na tarde desta ter\u00e7a-feira (10).<\/p>\n\n\n\n<figure class=\"wp-block-image size-full\"><img decoding=\"async\" src=\"https:\/\/radiostudiow.com.br\/site\/wp-content\/uploads\/2024\/04\/SITE-MEDIO.png\" alt=\"\" class=\"wp-image-21854\"\/><\/figure>\n\n\n\n<p>O procurado possu\u00eda em seu desfavor um mandado de pris\u00e3o por tr\u00eas crimes de roubo e uma les\u00e3o corporal contra v\u00edtima mulher no contexto de viol\u00eancia dom\u00e9stica, cujas condena\u00e7\u00f5es somadas totalizam 21 anos, 2 meses e 25 dias em regime inicial fechado pela comarca de Arauc\u00e1ria.<\/p>\n\n\n\n<p>Ap\u00f3s dilig\u00eancias investigativas, constatou-se que o homem residia em Ant\u00f4nio Olinto e ele tamb\u00e9m \u00e9 investigado pela pr\u00e1tica do furto de um celular ocorrido no in\u00edcio do m\u00eas em S\u00e3o Mateus do Sul.<\/p>\n","protected":false},"excerpt":{"rendered":"<p>A equipe da Pol\u00edcia Civil do Paran\u00e1, por meio da 3\u00aa Subdivis\u00e3o Policial de S\u00e3o Mateus do Sul, prendeu um homem, de 20 anos, com mandado de pris\u00e3o por diversos crimes na tarde desta ter\u00e7a-feira (10). O procurado possu\u00eda em seu desfavor um mandado de pris\u00e3o por tr\u00eas crimes de roubo e uma les\u00e3o corporal [&hellip;]<\/p>\n","protected":false},"author":2,"featured_media":27346,"comment_status":"open","ping_status":"open","sticky":false,"template":"","format":"standard","meta":{"footnotes":""},"categories":[2],"tags":[172],"class_list":["post-27333","post","type-post","status-publish","format-standard","has-post-thumbnail","hentry","category-policial","tag-featured"],"amp_enabled":true,"_links":{"self":[{"href":"https:\/\/radiostudiow.com.br\/site\/wp-json\/wp\/v2\/posts\/27333","targetHints":{"allow":["GET"]}}],"collection":[{"href":"https:\/\/radiostudiow.com.br\/site\/wp-json\/wp\/v2\/posts"}],"about":[{"href":"https:\/\/radiostudiow.com.br\/site\/wp-json\/wp\/v2\/types\/post"}],"author":[{"embeddable":true,"href":"https:\/\/radiostudiow.com.br\/site\/wp-json\/wp\/v2\/users\/2"}],"replies":[{"embeddable":true,"href":"https:\/\/radiostudiow.com.br\/site\/wp-json\/wp\/v2\/comments?post=27333"}],"version-history":[{"count":3,"href":"https:\/\/radiostudiow.com.br\/site\/wp-json\/wp\/v2\/posts\/27333\/revisions"}],"predecessor-version":[{"id":27347,"href":"https:\/\/radiostudiow.com.br\/site\/wp-json\/wp\/v2\/posts\/27333\/revisions\/27347"}],"wp:featuredmedia":[{"embeddable":true,"href":"https:\/\/radiostudiow.com.br\/site\/wp-json\/wp\/v2\/media\/27346"}],"wp:attachment":[{"href":"https:\/\/radiostudiow.com.br\/site\/wp-json\/wp\/v2\/media?parent=27333"}],"wp:term":[{"taxonomy":"category","embeddable":true,"href":"https:\/\/radiostudiow.com.br\/site\/wp-json\/wp\/v2\/categories?post=27333"},{"taxonomy":"post_tag","embeddable":true,"href":"https:\/\/radiostudiow.com.br\/site\/wp-json\/wp\/v2\/tags?post=27333"}],"curies":[{"name":"wp","href":"https:\/\/api.w.org\/{rel}","templated":true}]}}