{"id":27338,"date":"2024-09-11T19:05:20","date_gmt":"2024-09-11T22:05:20","guid":{"rendered":"https:\/\/radiostudiow.com.br\/site\/?p=27338"},"modified":"2025-01-31T14:58:28","modified_gmt":"2025-01-31T17:58:28","slug":"prazo-para-declarar-o-itr-2024-termina-neste-mes-de-setembro","status":"publish","type":"post","link":"https:\/\/radiostudiow.com.br\/site\/2024\/09\/11\/prazo-para-declarar-o-itr-2024-termina-neste-mes-de-setembro\/","title":{"rendered":"Prazo para declarar o ITR 2024 termina neste m\u00eas de setembro"},"content":{"rendered":"\n<p>O prazo para entrega da declara\u00e7\u00e3o do Imposto Territorial Rural (ITR), referente ao exerc\u00edcio 2024, termina no dia 30 de setembro. O procedimento \u00e9 obrigat\u00f3rio para pessoas f\u00edsicas e\/ou jur\u00eddicas propriet\u00e1rias, titulares do dom\u00ednio \u00fatil ou possuidoras de qualquer t\u00edtulo de im\u00f3vel rural, inclusive a usufrutu\u00e1ria. A declara\u00e7\u00e3o deve ser feita de forma&nbsp;<em>on-line<\/em>, por meio do programa dispon\u00edvel no&nbsp;<a href=\"https:\/\/www.gov.br\/receitafederal\/pt-br\" target=\"_blank\" rel=\"noreferrer noopener\">site da Secretaria Especial da Receita Federal do Brasil (RFB)<\/a>. Todas as informa\u00e7\u00f5es e orienta\u00e7\u00f5es constam na&nbsp;<a href=\"http:\/\/normas.receita.fazenda.gov.br\/sijut2consulta\/link.action?idAto=139436\" target=\"_blank\" rel=\"noreferrer noopener\">Instru\u00e7\u00e3o Normativa 2.206\/2024, publicada no dia 23 de julho deste ano.<\/a><\/p>\n\n\n\n<figure class=\"wp-block-image size-full\"><img loading=\"lazy\" decoding=\"async\" width=\"598\" height=\"204\" src=\"https:\/\/radiostudiow.com.br\/site\/wp-content\/uploads\/2024\/04\/image-29.png\" alt=\"\" class=\"wp-image-21283\" srcset=\"https:\/\/radiostudiow.com.br\/site\/wp-content\/uploads\/2024\/04\/image-29.png 598w, https:\/\/radiostudiow.com.br\/site\/wp-content\/uploads\/2024\/04\/image-29-300x102.png 300w\" sizes=\"auto, (max-width: 598px) 100vw, 598px\" \/><\/figure>\n\n\n\n<p>Propriet\u00e1rios de im\u00f3veis rurais que j\u00e1 tiverem o Cadastro Ambiental Rural (CAR) podem incluir o n\u00famero do recibo no formul\u00e1rio de declara\u00e7\u00e3o do ITR. Os documentos que comprovam as informa\u00e7\u00f5es prestadas na declara\u00e7\u00e3o devem ser guardados at\u00e9 que ocorra a prescri\u00e7\u00e3o dos cr\u00e9ditos tribut\u00e1rios relativos \u00e0s situa\u00e7\u00f5es e aos fatos a que se refiram.<\/p>\n\n\n\n<p>Os sindicatos rurais do Paran\u00e1 oferecem suporte ao produtor para a realiza\u00e7\u00e3o do servi\u00e7o. Para isso, \u00e9 preciso ter em m\u00e3os a \u00faltima declara\u00e7\u00e3o do ITR, documenta\u00e7\u00e3o pessoal e da propriedade e o CAR.<\/p>\n\n\n\n<p><strong>ADA n\u00e3o \u00e9 obrigat\u00f3rio<\/strong><\/p>\n\n\n\n<p>Desde o dia 23 de julho deste ano, o produtor rural n\u00e3o precisa mais apresentar o Ato Declarat\u00f3rio Ambiental (ADA) para obter a redu\u00e7\u00e3o do&nbsp;<a href=\"https:\/\/www.sistemafaep.org.br\/laudos-tecnicos-apontam-divergencias-no-valor-da-terra-nua-em-municipios-do-parana\/\" target=\"_blank\" rel=\"noreferrer noopener\">Imposto Territorial Rural (ITR)<\/a>, gra\u00e7as ao pleito do Sistema FAEP que resultou na&nbsp;<a href=\"https:\/\/www.in.gov.br\/en\/web\/dou\/-\/lei-n-14.932-de-23-de-julho-de-2024-573986406\" target=\"_blank\" rel=\"noreferrer noopener\">Lei 14.932<\/a>. Agora, basta o agricultor apresentar o&nbsp;<a href=\"https:\/\/www.sistemafaep.org.br\/car-atinge-93-no-parana-mas-numero-de-analises-concluidas-ainda-e-pequeno\/\" target=\"_blank\" rel=\"noreferrer noopener\">Cadastro Ambiental Rural (CAR)<\/a>&nbsp;como prova para obter o benef\u00edcio no ITR.<\/p>\n\n\n\n<p>Anteriormente a nova legisla\u00e7\u00e3o, agricultores e pecuaristas com \u00e1reas ambientais, como \u00c1rea de Preserva\u00e7\u00e3o Permanente (APP), Reserva Legal, Servid\u00e3o Ambiental, entre outras, eram obrigados a apresentar o ADA junto ao&nbsp;<a href=\"https:\/\/www.ibama.gov.br\/index.php\" target=\"_blank\" rel=\"noreferrer noopener\">Instituto Brasileiro do Meio Ambiente e dos Recursos Naturais Renov\u00e1veis (Ibama)<\/a>&nbsp;para conseguir a isen\u00e7\u00e3o do imposto.<\/p>\n\n\n\n<div class=\"wp-block-media-text is-stacked-on-mobile\"><figure class=\"wp-block-media-text__media\"><img loading=\"lazy\" decoding=\"async\" width=\"500\" height=\"500\" src=\"https:\/\/radiostudiow.com.br\/site\/wp-content\/uploads\/2024\/08\/image-73.png\" alt=\"\" class=\"wp-image-26706 size-full\" srcset=\"https:\/\/radiostudiow.com.br\/site\/wp-content\/uploads\/2024\/08\/image-73.png 500w, https:\/\/radiostudiow.com.br\/site\/wp-content\/uploads\/2024\/08\/image-73-300x300.png 300w, https:\/\/radiostudiow.com.br\/site\/wp-content\/uploads\/2024\/08\/image-73-80x80.png 80w\" sizes=\"auto, (max-width: 500px) 100vw, 500px\" \/><\/figure><div class=\"wp-block-media-text__content\">\n<p>SICREDI MALLET<br>Rua Marechal Floriano Peixoto, 172 \u2013 92 Centro, Mallet \u2013 PR<br>Telefone: (42) 3542-2158<\/p>\n<\/div><\/div>\n\n\n\n<p><strong>Valores e multas<\/strong><\/p>\n\n\n\n<p>O valor do ITR pode ser pago em at\u00e9 quatro parcelas, com valor m\u00ednimo de R$ 50. Se o valor for inferior a R$ 100, deve ser pago em cota \u00fanica. O pagamento pode ser feito por transfer\u00eancia banc\u00e1ria apenas nos bancos autorizados ou por meio de Documento de Arrecada\u00e7\u00e3o de Receitas Federais (DARF), em qualquer ag\u00eancia banc\u00e1ria integrante da rede arrecadadora de receitas federais.<\/p>\n\n\n\n<p>A primeira quota ou quota \u00fanica deve ser paga at\u00e9 30 de setembro. As demais quotas dever\u00e3o ser pagas at\u00e9 o \u00faltimo dia \u00fatil de cada m\u00eas, acrescidas de juros equivalentes \u00e0 taxa referencial do Sistema Especial de Liquida\u00e7\u00e3o e de Cust\u00f3dia (Selic) para t\u00edtulos federais, acumulada mensalmente, calculados a partir de outubro at\u00e9 o m\u00eas anterior ao do pagamento, e de 1% no m\u00eas do pagamento.<\/p>\n\n\n\n<figure class=\"wp-block-image size-full\"><img loading=\"lazy\" decoding=\"async\" width=\"897\" height=\"204\" src=\"https:\/\/radiostudiow.com.br\/site\/wp-content\/uploads\/2024\/04\/image-18.png\" alt=\"\" class=\"wp-image-21207\" srcset=\"https:\/\/radiostudiow.com.br\/site\/wp-content\/uploads\/2024\/04\/image-18.png 897w, https:\/\/radiostudiow.com.br\/site\/wp-content\/uploads\/2024\/04\/image-18-300x68.png 300w, https:\/\/radiostudiow.com.br\/site\/wp-content\/uploads\/2024\/04\/image-18-768x175.png 768w\" sizes=\"auto, (max-width: 897px) 100vw, 897px\" \/><\/figure>\n\n\n\n<p><strong>Documentos necess\u00e1rios para preenchimento da declara\u00e7\u00e3o:&nbsp;<\/strong><\/p>\n\n\n\n<ul class=\"wp-block-list\">\n<li>&#8211; Declara\u00e7\u00e3o do ITR 2023;<\/li>\n\n\n\n<li>&#8211; Escritura atualizada do im\u00f3vel rural a ser declarado;<\/li>\n\n\n\n<li>&#8211; INCRA(CCIR) 2024;<\/li>\n\n\n\n<li>&#8211; CAR(Cadastro Ambiental Rural);<\/li>\n\n\n\n<li>&#8211; Levantamento topogr\u00e1fico (memorial descritivo-mapas) da propriedade rural em caso de retifica\u00e7\u00e3o de \u00e1rea;<\/li>\n\n\n\n<li>&#8211; Nome e CPF do inventariante no caso de declara\u00e7\u00e3o de esp\u00f3lio;<\/li>\n\n\n\n<li>&#8211; Declara\u00e7\u00e3o do IMA com o estoque de animais constante no nome do declarante no final do ano de 2023, se a \u00e1rea do im\u00f3vel for superior a 200Ha.<\/li>\n<\/ul>\n\n\n\n<p><\/p>\n","protected":false},"excerpt":{"rendered":"<p>O prazo para entrega da declara\u00e7\u00e3o do Imposto Territorial Rural (ITR), referente ao exerc\u00edcio 2024, termina no dia 30 de setembro. O procedimento \u00e9 obrigat\u00f3rio para pessoas f\u00edsicas e\/ou jur\u00eddicas propriet\u00e1rias, titulares do dom\u00ednio \u00fatil ou possuidoras de qualquer t\u00edtulo de im\u00f3vel rural, inclusive a usufrutu\u00e1ria. A declara\u00e7\u00e3o deve ser feita de forma&nbsp;on-line, por meio [&hellip;]<\/p>\n","protected":false},"author":2,"featured_media":27341,"comment_status":"open","ping_status":"open","sticky":false,"template":"","format":"standard","meta":{"footnotes":""},"categories":[7],"tags":[172],"class_list":["post-27338","post","type-post","status-publish","format-standard","has-post-thumbnail","hentry","category-geral","tag-featured"],"amp_enabled":true,"_links":{"self":[{"href":"https:\/\/radiostudiow.com.br\/site\/wp-json\/wp\/v2\/posts\/27338","targetHints":{"allow":["GET"]}}],"collection":[{"href":"https:\/\/radiostudiow.com.br\/site\/wp-json\/wp\/v2\/posts"}],"about":[{"href":"https:\/\/radiostudiow.com.br\/site\/wp-json\/wp\/v2\/types\/post"}],"author":[{"embeddable":true,"href":"https:\/\/radiostudiow.com.br\/site\/wp-json\/wp\/v2\/users\/2"}],"replies":[{"embeddable":true,"href":"https:\/\/radiostudiow.com.br\/site\/wp-json\/wp\/v2\/comments?post=27338"}],"version-history":[{"count":1,"href":"https:\/\/radiostudiow.com.br\/site\/wp-json\/wp\/v2\/posts\/27338\/revisions"}],"predecessor-version":[{"id":27342,"href":"https:\/\/radiostudiow.com.br\/site\/wp-json\/wp\/v2\/posts\/27338\/revisions\/27342"}],"wp:featuredmedia":[{"embeddable":true,"href":"https:\/\/radiostudiow.com.br\/site\/wp-json\/wp\/v2\/media\/27341"}],"wp:attachment":[{"href":"https:\/\/radiostudiow.com.br\/site\/wp-json\/wp\/v2\/media?parent=27338"}],"wp:term":[{"taxonomy":"category","embeddable":true,"href":"https:\/\/radiostudiow.com.br\/site\/wp-json\/wp\/v2\/categories?post=27338"},{"taxonomy":"post_tag","embeddable":true,"href":"https:\/\/radiostudiow.com.br\/site\/wp-json\/wp\/v2\/tags?post=27338"}],"curies":[{"name":"wp","href":"https:\/\/api.w.org\/{rel}","templated":true}]}}