{"id":2734,"date":"2021-07-03T09:06:01","date_gmt":"2021-07-03T12:06:01","guid":{"rendered":"https:\/\/radiostudiow.com.br\/site\/?p=2734"},"modified":"2025-01-15T11:54:26","modified_gmt":"2025-01-15T14:54:26","slug":"pm-de-mallet-prende-homem-por-cumprimento-de-mandado-judicial","status":"publish","type":"post","link":"https:\/\/radiostudiow.com.br\/site\/2021\/07\/03\/pm-de-mallet-prende-homem-por-cumprimento-de-mandado-judicial\/","title":{"rendered":"Pol\u00edcia Militar cumpre Mandado Judicial e prende mais um suspeito de tr\u00e1fico de drogas em Mallet"},"content":{"rendered":"\n<p>A equipe da Pol\u00edcia Militar de Mallet estava em patrulhamento pelas ruas do munic\u00edpio nesta sexta \u2013 feira 02 de julho, momento em que avistou um homem suspeito, o qual estaria com Ordem Judicial em seu desfavor, suspeito de pr\u00e1tica il\u00edcita de tr\u00e1fico de drogas em Mallet.<\/p>\n\n\n\n<p>O indiv\u00edduo que \u00e9 conhecido no meio policial estava em frente de sua resid\u00eancia e n\u00e3o esbo\u00e7ou nenhuma rea\u00e7\u00e3o ao ser informado sobre o cumprimento da ordem.<\/p>\n\n\n\n<p class=\"has-text-color\" style=\"color:#444\">De acordo com informa\u00e7\u00f5es da Pol\u00edcia Militar, esse mandado de pris\u00e3o se reflete em cima da opera\u00e7\u00e3o realizada no dia 25 de junho deste ano, quando as pol\u00edcias militar e civil cumpriram outros mandados de busca e apreens\u00e3o e desmantelam pontos de venda de drogas na cidade de Mallet. Confira a mat\u00e9ria clicando no link a seguir  <a href=\"https:\/\/radiostudiow.com.br\/site\/2021\/06\/26\/policias-militar-e-civil-cumprem-mandado-de-busca-e-apreensao-e-desmantelam-pontos-de-venda-de-drogas-em-mallet\/\" data-type=\"URL\" data-id=\"https:\/\/radiostudiow.com.br\/site\/2021\/06\/26\/policias-militar-e-civil-cumprem-mandado-de-busca-e-apreensao-e-desmantelam-pontos-de-venda-de-drogas-em-mallet\/\"><strong>Pol\u00edcias Militar e Civil cumprem mandado de busca e apreens\u00e3o e desmantelam pontos de venda de drogas em Mallet<\/strong>.<\/a><\/p>\n\n\n\n<p>Diante da situa\u00e7\u00e3o foi dada voz de pris\u00e3o, lido os seus direitos constitucionais e em seguida encaminhado para a 10\u00aa DRP (Delegacia Regional da Pol\u00edcia Civil de Mallet).<\/p>\n\n\n\n<p>De acordo com o Boletim de Ocorr\u00eancia, o fato ocorreu por volta das 15h00min.<\/p>\n\n\n\n<figure class=\"wp-block-image size-large\"><img decoding=\"async\" src=\"https:\/\/radiostudiow.com.br\/site\/wp-content\/uploads\/2021\/06\/NUTRI-MALLET.jpg\" alt=\"\" class=\"wp-image-2504\"\/><\/figure>\n","protected":false},"excerpt":{"rendered":"<p>A equipe da Pol\u00edcia Militar de Mallet estava em patrulhamento pelas ruas do munic\u00edpio nesta sexta \u2013 feira 02 de julho, momento em que avistou um homem suspeito, o qual estaria com Ordem Judicial em seu desfavor, suspeito de pr\u00e1tica il\u00edcita de tr\u00e1fico de drogas em Mallet. O indiv\u00edduo que \u00e9 conhecido no meio policial [&hellip;]<\/p>\n","protected":false},"author":2,"featured_media":0,"comment_status":"open","ping_status":"open","sticky":false,"template":"","format":"standard","meta":{"footnotes":""},"categories":[2],"tags":[172],"class_list":["post-2734","post","type-post","status-publish","format-standard","hentry","category-policial","tag-featured"],"amp_enabled":true,"_links":{"self":[{"href":"https:\/\/radiostudiow.com.br\/site\/wp-json\/wp\/v2\/posts\/2734","targetHints":{"allow":["GET"]}}],"collection":[{"href":"https:\/\/radiostudiow.com.br\/site\/wp-json\/wp\/v2\/posts"}],"about":[{"href":"https:\/\/radiostudiow.com.br\/site\/wp-json\/wp\/v2\/types\/post"}],"author":[{"embeddable":true,"href":"https:\/\/radiostudiow.com.br\/site\/wp-json\/wp\/v2\/users\/2"}],"replies":[{"embeddable":true,"href":"https:\/\/radiostudiow.com.br\/site\/wp-json\/wp\/v2\/comments?post=2734"}],"version-history":[{"count":5,"href":"https:\/\/radiostudiow.com.br\/site\/wp-json\/wp\/v2\/posts\/2734\/revisions"}],"predecessor-version":[{"id":2748,"href":"https:\/\/radiostudiow.com.br\/site\/wp-json\/wp\/v2\/posts\/2734\/revisions\/2748"}],"wp:attachment":[{"href":"https:\/\/radiostudiow.com.br\/site\/wp-json\/wp\/v2\/media?parent=2734"}],"wp:term":[{"taxonomy":"category","embeddable":true,"href":"https:\/\/radiostudiow.com.br\/site\/wp-json\/wp\/v2\/categories?post=2734"},{"taxonomy":"post_tag","embeddable":true,"href":"https:\/\/radiostudiow.com.br\/site\/wp-json\/wp\/v2\/tags?post=2734"}],"curies":[{"name":"wp","href":"https:\/\/api.w.org\/{rel}","templated":true}]}}