{"id":27356,"date":"2024-09-12T09:16:04","date_gmt":"2024-09-12T12:16:04","guid":{"rendered":"https:\/\/radiostudiow.com.br\/site\/?p=27356"},"modified":"2025-01-31T14:58:28","modified_gmt":"2025-01-31T17:58:28","slug":"policia-ambiental-realizou-aprensao-de-armas-de-fogo-e-equipamentos-de-pesca-predatoria-em-bituruna","status":"publish","type":"post","link":"https:\/\/radiostudiow.com.br\/site\/2024\/09\/12\/policia-ambiental-realizou-aprensao-de-armas-de-fogo-e-equipamentos-de-pesca-predatoria-em-bituruna\/","title":{"rendered":"Pol\u00edcia Ambiental realizou aprens\u00e3o de armas de fogo e equipamentos de pesca predat\u00f3ria em Bituruna"},"content":{"rendered":"\n<p>A equipe da Pol\u00edcia Ambiental realizou um atendimento a den\u00fancia an\u00f4nima de pesca predat\u00f3ria nas corredeiras do Rio Igua\u00e7u no munic\u00edpio de Bituruna nessa ter\u00e7a-feira (10).<\/p>\n\n\n\n<figure class=\"wp-block-image size-full\"><img decoding=\"async\" src=\"https:\/\/radiostudiow.com.br\/site\/wp-content\/uploads\/2024\/04\/SITE-MEDIO.png\" alt=\"\" class=\"wp-image-21854\"\/><\/figure>\n\n\n\n<p>Os policiais ambientais avistaram um suspeito na resid\u00eancia denunciada e ao visualizar a viatura policial empregou fuga em dire\u00e7\u00e3o a mata. De imediato a equipe policial adentraram a vegeta\u00e7\u00e3o na tentativa de abordagem, sem \u00eaxito, realizado dilig\u00eancias e foi observado que no rio em frente a resid\u00eancia havia uma embarca\u00e7\u00e3o molhada com indicadores de que foi usada nesta data, com peixes ainda emalhados nas redes.<\/p>\n\n\n\n<figure class=\"wp-block-image size-large\"><img loading=\"lazy\" decoding=\"async\" width=\"1024\" height=\"490\" src=\"https:\/\/radiostudiow.com.br\/site\/wp-content\/uploads\/2024\/09\/03-1024x490.jpeg\" alt=\"\" class=\"wp-image-27358\" srcset=\"https:\/\/radiostudiow.com.br\/site\/wp-content\/uploads\/2024\/09\/03-1024x490.jpeg 1024w, https:\/\/radiostudiow.com.br\/site\/wp-content\/uploads\/2024\/09\/03-300x144.jpeg 300w, https:\/\/radiostudiow.com.br\/site\/wp-content\/uploads\/2024\/09\/03-768x368.jpeg 768w, https:\/\/radiostudiow.com.br\/site\/wp-content\/uploads\/2024\/09\/03.jpeg 1280w\" sizes=\"auto, (max-width: 1024px) 100vw, 1024px\" \/><\/figure>\n\n\n\n<p>Durante buscas, ainda foram localizadas armas, muni\u00e7\u00f5es e documentos pessoais de um masculino. Os materiais foram apreendidos e encaminhados a Delegacia da Pol\u00edcia Civil de Uni\u00e3o da Vit\u00f3ria para provid\u00eancias.<\/p>\n\n\n\n<p><strong>Apreens\u00f5es<\/strong>:<\/p>\n\n\n\n<ul class=\"wp-block-list\">\n<li>01 espingarda calibre 22 com uma luneta acoplada;<\/li>\n\n\n\n<li>132 muni\u00e7\u00f5es cal. 9 mm;<\/li>\n\n\n\n<li>113 muni\u00e7\u00f5es cal. 38;<\/li>\n\n\n\n<li>312 muni\u00e7\u00f5es cal. 22;<\/li>\n\n\n\n<li>01 luneta sem marca;<\/li>\n\n\n\n<li>1.030 metros de redes;<\/li>\n\n\n\n<li>07 kg de peixes (Tra\u00edras, Bagres, Pintados e Lambaris).<\/li>\n<\/ul>\n\n\n\n<figure class=\"wp-block-image size-full is-resized\"><img loading=\"lazy\" decoding=\"async\" width=\"900\" height=\"408\" src=\"https:\/\/radiostudiow.com.br\/site\/wp-content\/uploads\/2024\/08\/image-64.png\" alt=\"\" class=\"wp-image-26531\" style=\"width:566px;height:auto\" srcset=\"https:\/\/radiostudiow.com.br\/site\/wp-content\/uploads\/2024\/08\/image-64.png 900w, https:\/\/radiostudiow.com.br\/site\/wp-content\/uploads\/2024\/08\/image-64-300x136.png 300w, https:\/\/radiostudiow.com.br\/site\/wp-content\/uploads\/2024\/08\/image-64-768x348.png 768w\" sizes=\"auto, (max-width: 900px) 100vw, 900px\" \/><\/figure>\n\n\n\n<figure class=\"wp-block-image size-large\"><img loading=\"lazy\" decoding=\"async\" width=\"960\" height=\"1024\" src=\"https:\/\/radiostudiow.com.br\/site\/wp-content\/uploads\/2024\/09\/04-1-960x1024.jpeg\" alt=\"\" class=\"wp-image-27359\" srcset=\"https:\/\/radiostudiow.com.br\/site\/wp-content\/uploads\/2024\/09\/04-1-960x1024.jpeg 960w, https:\/\/radiostudiow.com.br\/site\/wp-content\/uploads\/2024\/09\/04-1-281x300.jpeg 281w, https:\/\/radiostudiow.com.br\/site\/wp-content\/uploads\/2024\/09\/04-1-768x819.jpeg 768w, https:\/\/radiostudiow.com.br\/site\/wp-content\/uploads\/2024\/09\/04-1.jpeg 1151w\" sizes=\"auto, (max-width: 960px) 100vw, 960px\" \/><\/figure>\n","protected":false},"excerpt":{"rendered":"<p>A equipe da Pol\u00edcia Ambiental realizou um atendimento a den\u00fancia an\u00f4nima de pesca predat\u00f3ria nas corredeiras do Rio Igua\u00e7u no munic\u00edpio de Bituruna nessa ter\u00e7a-feira (10). Os policiais ambientais avistaram um suspeito na resid\u00eancia denunciada e ao visualizar a viatura policial empregou fuga em dire\u00e7\u00e3o a mata. De imediato a equipe policial adentraram a vegeta\u00e7\u00e3o [&hellip;]<\/p>\n","protected":false},"author":2,"featured_media":27357,"comment_status":"open","ping_status":"open","sticky":false,"template":"","format":"standard","meta":{"footnotes":""},"categories":[2],"tags":[172],"class_list":["post-27356","post","type-post","status-publish","format-standard","has-post-thumbnail","hentry","category-policial","tag-featured"],"amp_enabled":true,"_links":{"self":[{"href":"https:\/\/radiostudiow.com.br\/site\/wp-json\/wp\/v2\/posts\/27356","targetHints":{"allow":["GET"]}}],"collection":[{"href":"https:\/\/radiostudiow.com.br\/site\/wp-json\/wp\/v2\/posts"}],"about":[{"href":"https:\/\/radiostudiow.com.br\/site\/wp-json\/wp\/v2\/types\/post"}],"author":[{"embeddable":true,"href":"https:\/\/radiostudiow.com.br\/site\/wp-json\/wp\/v2\/users\/2"}],"replies":[{"embeddable":true,"href":"https:\/\/radiostudiow.com.br\/site\/wp-json\/wp\/v2\/comments?post=27356"}],"version-history":[{"count":1,"href":"https:\/\/radiostudiow.com.br\/site\/wp-json\/wp\/v2\/posts\/27356\/revisions"}],"predecessor-version":[{"id":27360,"href":"https:\/\/radiostudiow.com.br\/site\/wp-json\/wp\/v2\/posts\/27356\/revisions\/27360"}],"wp:featuredmedia":[{"embeddable":true,"href":"https:\/\/radiostudiow.com.br\/site\/wp-json\/wp\/v2\/media\/27357"}],"wp:attachment":[{"href":"https:\/\/radiostudiow.com.br\/site\/wp-json\/wp\/v2\/media?parent=27356"}],"wp:term":[{"taxonomy":"category","embeddable":true,"href":"https:\/\/radiostudiow.com.br\/site\/wp-json\/wp\/v2\/categories?post=27356"},{"taxonomy":"post_tag","embeddable":true,"href":"https:\/\/radiostudiow.com.br\/site\/wp-json\/wp\/v2\/tags?post=27356"}],"curies":[{"name":"wp","href":"https:\/\/api.w.org\/{rel}","templated":true}]}}