{"id":27364,"date":"2024-09-12T09:24:44","date_gmt":"2024-09-12T12:24:44","guid":{"rendered":"https:\/\/radiostudiow.com.br\/site\/?p=27364"},"modified":"2025-01-31T14:58:28","modified_gmt":"2025-01-31T17:58:28","slug":"incendio-de-grandes-proporcoes-e-registrado-no-interior-de-sao-mateus-do-sul","status":"publish","type":"post","link":"https:\/\/radiostudiow.com.br\/site\/2024\/09\/12\/incendio-de-grandes-proporcoes-e-registrado-no-interior-de-sao-mateus-do-sul\/","title":{"rendered":"Inc\u00eandio de grandes propor\u00e7\u00f5es \u00e9 registrado no interior de S\u00e3o Mateus do Sul"},"content":{"rendered":"\n<p>Um inc\u00eandio em mata de \u00e1rea fechada foi registrado na noite desta quarta feira, 11 de setembro, na comunidade do Mico Magro, interior do munic\u00edpio de S\u00e3o Mateus do Sul.<\/p>\n\n\n\n<figure class=\"wp-block-image size-full\"><img loading=\"lazy\" decoding=\"async\" width=\"598\" height=\"204\" src=\"https:\/\/radiostudiow.com.br\/site\/wp-content\/uploads\/2024\/04\/image-12.png\" alt=\"\" class=\"wp-image-21187\" srcset=\"https:\/\/radiostudiow.com.br\/site\/wp-content\/uploads\/2024\/04\/image-12.png 598w, https:\/\/radiostudiow.com.br\/site\/wp-content\/uploads\/2024\/04\/image-12-300x102.png 300w\" sizes=\"auto, (max-width: 598px) 100vw, 598px\" \/><\/figure>\n\n\n\n<p>As equipes do Corpo de Bombeiros de S\u00e3o Mateus do Sul foram acionadas para deslocar ate o local e controlar as chamas. Vizinhos e moradores auxiliaram nos trabalhos realizando conten\u00e7\u00e3o com barreiras para as chamas n\u00e3o se alastrar.<\/p>\n\n\n\n<p>De acordo com informa\u00e7\u00f5es o inc\u00eandio pode ter sido criminoso e destruiu uma \u00e1rea muito grande. As chamas n\u00e3o chegaram em resid\u00eancias devido ao trabalho realizado para evitar algo contra as casas e edifica\u00e7\u00f5es.<\/p>\n\n\n\n<figure class=\"wp-block-image size-full\"><img loading=\"lazy\" decoding=\"async\" width=\"864\" height=\"480\" src=\"https:\/\/radiostudiow.com.br\/site\/wp-content\/uploads\/2024\/09\/image-42.png\" alt=\"\" class=\"wp-image-27368\" srcset=\"https:\/\/radiostudiow.com.br\/site\/wp-content\/uploads\/2024\/09\/image-42.png 864w, https:\/\/radiostudiow.com.br\/site\/wp-content\/uploads\/2024\/09\/image-42-300x167.png 300w, https:\/\/radiostudiow.com.br\/site\/wp-content\/uploads\/2024\/09\/image-42-768x427.png 768w\" sizes=\"auto, (max-width: 864px) 100vw, 864px\" \/><\/figure>\n\n\n\n<p>Na manha de hoje quinta feira os moradores do local ir\u00e3o verificar o tamanho da \u00e1rea afetada. As ocorr\u00eancias de inc\u00eandio tem sido frequentes para a corpora\u00e7\u00e3o do corpo de bombeiros do munic\u00edpio.<\/p>\n\n\n\n<p>No caso de emerg\u00eancia com rela\u00e7\u00e3o aos casos de inc\u00eandio, entre em contato com o Corpo de Bombeiros e passe todas as informa\u00e7\u00f5es com o m\u00e1ximo de detalhes para que seja definido as equipes a serem deslocadas.<\/p>\n\n\n\n<p><strong><em>WhatsApp BM SAMAS: 42 3912-7099<\/em><\/strong><\/p>\n\n\n\n<figure class=\"wp-block-image size-full\"><img loading=\"lazy\" decoding=\"async\" width=\"848\" height=\"480\" src=\"https:\/\/radiostudiow.com.br\/site\/wp-content\/uploads\/2024\/09\/image-44.png\" alt=\"\" class=\"wp-image-27370\" srcset=\"https:\/\/radiostudiow.com.br\/site\/wp-content\/uploads\/2024\/09\/image-44.png 848w, https:\/\/radiostudiow.com.br\/site\/wp-content\/uploads\/2024\/09\/image-44-300x170.png 300w, https:\/\/radiostudiow.com.br\/site\/wp-content\/uploads\/2024\/09\/image-44-768x435.png 768w\" sizes=\"auto, (max-width: 848px) 100vw, 848px\" \/><\/figure>\n\n\n\n<figure class=\"wp-block-image size-full\"><img loading=\"lazy\" decoding=\"async\" width=\"848\" height=\"480\" src=\"https:\/\/radiostudiow.com.br\/site\/wp-content\/uploads\/2024\/09\/image-43.png\" alt=\"\" class=\"wp-image-27369\" srcset=\"https:\/\/radiostudiow.com.br\/site\/wp-content\/uploads\/2024\/09\/image-43.png 848w, https:\/\/radiostudiow.com.br\/site\/wp-content\/uploads\/2024\/09\/image-43-300x170.png 300w, https:\/\/radiostudiow.com.br\/site\/wp-content\/uploads\/2024\/09\/image-43-768x435.png 768w\" sizes=\"auto, (max-width: 848px) 100vw, 848px\" \/><\/figure>\n","protected":false},"excerpt":{"rendered":"<p>Um inc\u00eandio em mata de \u00e1rea fechada foi registrado na noite desta quarta feira, 11 de setembro, na comunidade do Mico Magro, interior do munic\u00edpio de S\u00e3o Mateus do Sul. As equipes do Corpo de Bombeiros de S\u00e3o Mateus do Sul foram acionadas para deslocar ate o local e controlar as chamas. Vizinhos e moradores [&hellip;]<\/p>\n","protected":false},"author":2,"featured_media":27367,"comment_status":"open","ping_status":"open","sticky":false,"template":"","format":"standard","meta":{"footnotes":""},"categories":[185],"tags":[172],"class_list":["post-27364","post","type-post","status-publish","format-standard","has-post-thumbnail","hentry","category-regional","tag-featured"],"amp_enabled":true,"_links":{"self":[{"href":"https:\/\/radiostudiow.com.br\/site\/wp-json\/wp\/v2\/posts\/27364","targetHints":{"allow":["GET"]}}],"collection":[{"href":"https:\/\/radiostudiow.com.br\/site\/wp-json\/wp\/v2\/posts"}],"about":[{"href":"https:\/\/radiostudiow.com.br\/site\/wp-json\/wp\/v2\/types\/post"}],"author":[{"embeddable":true,"href":"https:\/\/radiostudiow.com.br\/site\/wp-json\/wp\/v2\/users\/2"}],"replies":[{"embeddable":true,"href":"https:\/\/radiostudiow.com.br\/site\/wp-json\/wp\/v2\/comments?post=27364"}],"version-history":[{"count":1,"href":"https:\/\/radiostudiow.com.br\/site\/wp-json\/wp\/v2\/posts\/27364\/revisions"}],"predecessor-version":[{"id":27371,"href":"https:\/\/radiostudiow.com.br\/site\/wp-json\/wp\/v2\/posts\/27364\/revisions\/27371"}],"wp:featuredmedia":[{"embeddable":true,"href":"https:\/\/radiostudiow.com.br\/site\/wp-json\/wp\/v2\/media\/27367"}],"wp:attachment":[{"href":"https:\/\/radiostudiow.com.br\/site\/wp-json\/wp\/v2\/media?parent=27364"}],"wp:term":[{"taxonomy":"category","embeddable":true,"href":"https:\/\/radiostudiow.com.br\/site\/wp-json\/wp\/v2\/categories?post=27364"},{"taxonomy":"post_tag","embeddable":true,"href":"https:\/\/radiostudiow.com.br\/site\/wp-json\/wp\/v2\/tags?post=27364"}],"curies":[{"name":"wp","href":"https:\/\/api.w.org\/{rel}","templated":true}]}}