{"id":27376,"date":"2024-09-12T17:17:19","date_gmt":"2024-09-12T20:17:19","guid":{"rendered":"https:\/\/radiostudiow.com.br\/site\/?p=27376"},"modified":"2025-01-31T14:58:28","modified_gmt":"2025-01-31T17:58:28","slug":"policia-investiga-corpo-carbonizado-encontrado-em-veiculo-em-bituruna","status":"publish","type":"post","link":"https:\/\/radiostudiow.com.br\/site\/2024\/09\/12\/policia-investiga-corpo-carbonizado-encontrado-em-veiculo-em-bituruna\/","title":{"rendered":"Pol\u00edcia investiga corpo carbonizado encontrado em ve\u00edculo em Bituruna"},"content":{"rendered":"\n<p><strong>Pol\u00edcia investiga corpo carbonizado encontrado em ve\u00edculo em Bituruna<\/strong><\/p>\n\n\n\n<p>A equipe da Pol\u00edcia Militar de Bituruna foi acionada para verificar uma situa\u00e7\u00e3o grave na \u00e1rea rural, onde um ve\u00edculo estaria em chamas com uma pessoa no interior por volta das 17:50 horas desta quarta-feira (11).<\/p>\n\n\n\n<figure class=\"wp-block-image size-full\"><img loading=\"lazy\" decoding=\"async\" width=\"897\" height=\"204\" src=\"https:\/\/radiostudiow.com.br\/site\/wp-content\/uploads\/2024\/08\/TIJOLAO.png\" alt=\"\" class=\"wp-image-25951\" srcset=\"https:\/\/radiostudiow.com.br\/site\/wp-content\/uploads\/2024\/08\/TIJOLAO.png 897w, https:\/\/radiostudiow.com.br\/site\/wp-content\/uploads\/2024\/08\/TIJOLAO-300x68.png 300w, https:\/\/radiostudiow.com.br\/site\/wp-content\/uploads\/2024\/08\/TIJOLAO-768x175.png 768w\" sizes=\"auto, (max-width: 897px) 100vw, 897px\" \/><\/figure>\n\n\n\n<p>Ap\u00f3s deslocamento de aproximadamente 40 km do centro da cidade, a equipe encontrou um autom\u00f3vel Ford\/F100, de cor branca, que estava parcialmente queimado. No interior do ve\u00edculo, foi localizado um corpo carbonizado de um homem de 38 anos de idade. A identifica\u00e7\u00e3o n\u00e3o foi revelada.<\/p>\n\n\n\n<p>A \u00e1rea foi imediatamente isolada pela equipe policial e foram acionados a Pol\u00edcia Civil e o Instituto M\u00e9dico Legal (IML) para realizar as investiga\u00e7\u00f5es e procedimentos necess\u00e1rios. As circunst\u00e2ncias do incidente est\u00e3o sendo apuradas pelas autoridades competentes.<\/p>\n\n\n\n<figure class=\"wp-block-image size-full\"><img loading=\"lazy\" decoding=\"async\" width=\"882\" height=\"974\" src=\"https:\/\/radiostudiow.com.br\/site\/wp-content\/uploads\/2024\/09\/image-46.png\" alt=\"\" class=\"wp-image-27378\" srcset=\"https:\/\/radiostudiow.com.br\/site\/wp-content\/uploads\/2024\/09\/image-46.png 882w, https:\/\/radiostudiow.com.br\/site\/wp-content\/uploads\/2024\/09\/image-46-272x300.png 272w, https:\/\/radiostudiow.com.br\/site\/wp-content\/uploads\/2024\/09\/image-46-768x848.png 768w\" sizes=\"auto, (max-width: 882px) 100vw, 882px\" \/><\/figure>\n\n\n\n<p>Fonte: Portal Vvale<\/p>\n","protected":false},"excerpt":{"rendered":"<p>Pol\u00edcia investiga corpo carbonizado encontrado em ve\u00edculo em Bituruna A equipe da Pol\u00edcia Militar de Bituruna foi acionada para verificar uma situa\u00e7\u00e3o grave na \u00e1rea rural, onde um ve\u00edculo estaria em chamas com uma pessoa no interior por volta das 17:50 horas desta quarta-feira (11). Ap\u00f3s deslocamento de aproximadamente 40 km do centro da cidade, [&hellip;]<\/p>\n","protected":false},"author":2,"featured_media":27377,"comment_status":"open","ping_status":"open","sticky":false,"template":"","format":"standard","meta":{"footnotes":""},"categories":[185],"tags":[172],"class_list":["post-27376","post","type-post","status-publish","format-standard","has-post-thumbnail","hentry","category-regional","tag-featured"],"amp_enabled":true,"_links":{"self":[{"href":"https:\/\/radiostudiow.com.br\/site\/wp-json\/wp\/v2\/posts\/27376","targetHints":{"allow":["GET"]}}],"collection":[{"href":"https:\/\/radiostudiow.com.br\/site\/wp-json\/wp\/v2\/posts"}],"about":[{"href":"https:\/\/radiostudiow.com.br\/site\/wp-json\/wp\/v2\/types\/post"}],"author":[{"embeddable":true,"href":"https:\/\/radiostudiow.com.br\/site\/wp-json\/wp\/v2\/users\/2"}],"replies":[{"embeddable":true,"href":"https:\/\/radiostudiow.com.br\/site\/wp-json\/wp\/v2\/comments?post=27376"}],"version-history":[{"count":4,"href":"https:\/\/radiostudiow.com.br\/site\/wp-json\/wp\/v2\/posts\/27376\/revisions"}],"predecessor-version":[{"id":27417,"href":"https:\/\/radiostudiow.com.br\/site\/wp-json\/wp\/v2\/posts\/27376\/revisions\/27417"}],"wp:featuredmedia":[{"embeddable":true,"href":"https:\/\/radiostudiow.com.br\/site\/wp-json\/wp\/v2\/media\/27377"}],"wp:attachment":[{"href":"https:\/\/radiostudiow.com.br\/site\/wp-json\/wp\/v2\/media?parent=27376"}],"wp:term":[{"taxonomy":"category","embeddable":true,"href":"https:\/\/radiostudiow.com.br\/site\/wp-json\/wp\/v2\/categories?post=27376"},{"taxonomy":"post_tag","embeddable":true,"href":"https:\/\/radiostudiow.com.br\/site\/wp-json\/wp\/v2\/tags?post=27376"}],"curies":[{"name":"wp","href":"https:\/\/api.w.org\/{rel}","templated":true}]}}