{"id":27380,"date":"2024-09-12T10:40:30","date_gmt":"2024-09-12T13:40:30","guid":{"rendered":"https:\/\/radiostudiow.com.br\/site\/?p=27380"},"modified":"2025-01-31T14:58:28","modified_gmt":"2025-01-31T17:58:28","slug":"policia-civil-investiga-denuncia-de-negligencia-na-apae-de-uniao-da-vitoria","status":"publish","type":"post","link":"https:\/\/radiostudiow.com.br\/site\/2024\/09\/12\/policia-civil-investiga-denuncia-de-negligencia-na-apae-de-uniao-da-vitoria\/","title":{"rendered":"Pol\u00edcia Civil investiga den\u00fancia de neglig\u00eancia na APAE de Uni\u00e3o da Vit\u00f3ria"},"content":{"rendered":"\n<p>Uma m\u00e3e utilizou as redes sociais para narrar um fato que segunda ela aconteceu com sua filha, uma garota de seis anos, com Transtorno do Espectro Autista e n\u00e3o verbal.<\/p>\n\n\n\n<p>Segundo\u00a0<strong>Andreia\u00a0B\u00fcerg,\u00a0<\/strong>a filha foi negligenciada enquanto estava sob os cuidados da APAE de Uni\u00e3o da Vit\u00f3ria, retornando para casa com arranh\u00f5es nas costas. O caso aconteceu no dia 27 de agosto, quando a menina, que mora em Porto Uni\u00e3o, foi levada para a institui\u00e7\u00e3o no per\u00edodo da tarde.<\/p>\n\n\n\n<p>Foi quando a m\u00e3e recebeu uma liga\u00e7\u00e3o da APAE solicitando sua presen\u00e7a, informando que a crian\u00e7a apresentava ferimentos.<\/p>\n\n\n\n<figure class=\"wp-block-image size-full\"><img loading=\"lazy\" decoding=\"async\" width=\"598\" height=\"204\" src=\"https:\/\/radiostudiow.com.br\/site\/wp-content\/uploads\/2024\/09\/AFUBRA.png\" alt=\"\" class=\"wp-image-27135\" srcset=\"https:\/\/radiostudiow.com.br\/site\/wp-content\/uploads\/2024\/09\/AFUBRA.png 598w, https:\/\/radiostudiow.com.br\/site\/wp-content\/uploads\/2024\/09\/AFUBRA-300x102.png 300w\" sizes=\"auto, (max-width: 598px) 100vw, 598px\" \/><\/figure>\n\n\n\n<p>Diante da situa\u00e7\u00e3o, a m\u00e3e solicitou as imagens das c\u00e2meras de seguran\u00e7a da APAE, mas n\u00e3o recebeu as grava\u00e7\u00f5es do elevador, onde acredita que algo poderia ter ocorrido. O elevador da institui\u00e7\u00e3o n\u00e3o tem c\u00e2meras.<\/p>\n\n\n\n<p>Ainda no mesmo dia, ela registrou um boletim de ocorr\u00eancia na Pol\u00edcia Civil de Uni\u00e3o da Vit\u00f3ria, buscando explica\u00e7\u00f5es sobre o que aconteceu com sua filha.<\/p>\n\n\n\n<p>A APAE de Uni\u00e3o da Vit\u00f3ria se pronunciou sobre o caso em nota oficial, expressando pesar pelos acontecimentos e negando que os ferimentos tenham ocorrido dentro da institui\u00e7\u00e3o.<\/p>\n\n\n\n<p><strong><em>\u201cRecha\u00e7amos as insinua\u00e7\u00f5es de que as les\u00f5es tenham sido cometidas dentro da Institui\u00e7\u00e3o, ao passo que reiteramos nosso rep\u00fadio a toda e qualquer forma de viol\u00eancia\u201d, declarou a diretoria da APAE.<\/em><\/strong><\/p>\n\n\n\n<p>A APAE tamb\u00e9m informou que registrou um boletim de ocorr\u00eancia e instaurou uma sindic\u00e2ncia para investigar o caso internamente. No entanto, devido \u00e0 prote\u00e7\u00e3o legal envolvendo crian\u00e7as, mais detalhes n\u00e3o foram divulgados.<\/p>\n\n\n\n<figure class=\"wp-block-image size-full\"><img loading=\"lazy\" decoding=\"async\" width=\"450\" height=\"600\" src=\"https:\/\/radiostudiow.com.br\/site\/wp-content\/uploads\/2024\/09\/image-47.png\" alt=\"\" class=\"wp-image-27381\" srcset=\"https:\/\/radiostudiow.com.br\/site\/wp-content\/uploads\/2024\/09\/image-47.png 450w, https:\/\/radiostudiow.com.br\/site\/wp-content\/uploads\/2024\/09\/image-47-225x300.png 225w\" sizes=\"auto, (max-width: 450px) 100vw, 450px\" \/><figcaption class=\"wp-element-caption\">Imagem cedida pela m\u00e3e que autorizou a divulga\u00e7\u00e3o<\/figcaption><\/figure>\n\n\n\n<p>Nesta quarta-feira, 11 de setembro, a m\u00e3e publicou uma nota nas redes sociais em resposta \u00e0 repercuss\u00e3o que o caso tomou, reafirmando sua busca por esclarecimentos.<\/p>\n\n\n\n<figure class=\"wp-block-image size-full\"><img loading=\"lazy\" decoding=\"async\" width=\"720\" height=\"583\" src=\"https:\/\/radiostudiow.com.br\/site\/wp-content\/uploads\/2024\/09\/image-48.png\" alt=\"\" class=\"wp-image-27382\" srcset=\"https:\/\/radiostudiow.com.br\/site\/wp-content\/uploads\/2024\/09\/image-48.png 720w, https:\/\/radiostudiow.com.br\/site\/wp-content\/uploads\/2024\/09\/image-48-300x243.png 300w\" sizes=\"auto, (max-width: 720px) 100vw, 720px\" \/><figcaption class=\"wp-element-caption\">Reprodu\u00e7\u00e3o Redes Sociais<\/figcaption><\/figure>\n\n\n\n<figure class=\"wp-block-image size-full\"><img loading=\"lazy\" decoding=\"async\" width=\"900\" height=\"408\" src=\"https:\/\/radiostudiow.com.br\/site\/wp-content\/uploads\/2024\/08\/image-64.png\" alt=\"\" class=\"wp-image-26531\" srcset=\"https:\/\/radiostudiow.com.br\/site\/wp-content\/uploads\/2024\/08\/image-64.png 900w, https:\/\/radiostudiow.com.br\/site\/wp-content\/uploads\/2024\/08\/image-64-300x136.png 300w, https:\/\/radiostudiow.com.br\/site\/wp-content\/uploads\/2024\/08\/image-64-768x348.png 768w\" sizes=\"auto, (max-width: 900px) 100vw, 900px\" \/><\/figure>\n\n\n\n<p>A APAE de Uni\u00e3o da Vit\u00f3ria tamb\u00e9m se manifestou atr\u00e1ves de uma nota:<\/p>\n\n\n\n<blockquote class=\"wp-block-quote is-layout-flow wp-block-quote-is-layout-flow\">\n<h4 class=\"wp-block-heading\"><em>A APAE, por meio de sua Diretoria, expressa seu profundo pesar em rela\u00e7\u00e3o aos fatos envolvendo a infante.<\/em><\/h4>\n\n\n\n<h4 class=\"wp-block-heading\"><em>Recha\u00e7amos as insinua\u00e7\u00f5es de que as les\u00f5es tenham sido cometidas dentro da Institui\u00e7\u00e3o, ao passo que reiteramos nosso rep\u00fadio a toda e qualquer forma de viol\u00eancia.<\/em><\/h4>\n\n\n\n<h4 class=\"wp-block-heading\"><em>Manifestamos, ainda, nossa preocupa\u00e7\u00e3o com esses epis\u00f3dios, e a fim de garantir a devida apura\u00e7\u00e3o dos fatos, a APAE imediatamente registrou um Boletim de Ocorr\u00eancia e instaurou uma Sindic\u00e2ncia para investiga\u00e7\u00e3o interna.<\/em><\/h4>\n\n\n\n<h4 class=\"wp-block-heading\"><em>No entanto, devido \u00e0 legisla\u00e7\u00e3o de prote\u00e7\u00e3o \u00e0 crian\u00e7a e ao sigilo que o caso exige, n\u00e3o podemos fornecer mais informa\u00e7\u00f5es sobre o ocorrido.<\/em><\/h4>\n<\/blockquote>\n\n\n\n<p>Fonte: <a href=\"https:\/\/www.vvale.com.br\/\" data-type=\"link\" data-id=\"https:\/\/www.vvale.com.br\/\">Portal V.Vale<\/a><\/p>\n","protected":false},"excerpt":{"rendered":"<p>Uma m\u00e3e utilizou as redes sociais para narrar um fato que segunda ela aconteceu com sua filha, uma garota de seis anos, com Transtorno do Espectro Autista e n\u00e3o verbal. Segundo\u00a0Andreia\u00a0B\u00fcerg,\u00a0a filha foi negligenciada enquanto estava sob os cuidados da APAE de Uni\u00e3o da Vit\u00f3ria, retornando para casa com arranh\u00f5es nas costas. O caso aconteceu [&hellip;]<\/p>\n","protected":false},"author":2,"featured_media":27383,"comment_status":"open","ping_status":"open","sticky":false,"template":"","format":"standard","meta":{"footnotes":""},"categories":[2],"tags":[172],"class_list":["post-27380","post","type-post","status-publish","format-standard","has-post-thumbnail","hentry","category-policial","tag-featured"],"amp_enabled":true,"_links":{"self":[{"href":"https:\/\/radiostudiow.com.br\/site\/wp-json\/wp\/v2\/posts\/27380","targetHints":{"allow":["GET"]}}],"collection":[{"href":"https:\/\/radiostudiow.com.br\/site\/wp-json\/wp\/v2\/posts"}],"about":[{"href":"https:\/\/radiostudiow.com.br\/site\/wp-json\/wp\/v2\/types\/post"}],"author":[{"embeddable":true,"href":"https:\/\/radiostudiow.com.br\/site\/wp-json\/wp\/v2\/users\/2"}],"replies":[{"embeddable":true,"href":"https:\/\/radiostudiow.com.br\/site\/wp-json\/wp\/v2\/comments?post=27380"}],"version-history":[{"count":1,"href":"https:\/\/radiostudiow.com.br\/site\/wp-json\/wp\/v2\/posts\/27380\/revisions"}],"predecessor-version":[{"id":27384,"href":"https:\/\/radiostudiow.com.br\/site\/wp-json\/wp\/v2\/posts\/27380\/revisions\/27384"}],"wp:featuredmedia":[{"embeddable":true,"href":"https:\/\/radiostudiow.com.br\/site\/wp-json\/wp\/v2\/media\/27383"}],"wp:attachment":[{"href":"https:\/\/radiostudiow.com.br\/site\/wp-json\/wp\/v2\/media?parent=27380"}],"wp:term":[{"taxonomy":"category","embeddable":true,"href":"https:\/\/radiostudiow.com.br\/site\/wp-json\/wp\/v2\/categories?post=27380"},{"taxonomy":"post_tag","embeddable":true,"href":"https:\/\/radiostudiow.com.br\/site\/wp-json\/wp\/v2\/tags?post=27380"}],"curies":[{"name":"wp","href":"https:\/\/api.w.org\/{rel}","templated":true}]}}