{"id":27385,"date":"2024-09-12T10:59:17","date_gmt":"2024-09-12T13:59:17","guid":{"rendered":"https:\/\/radiostudiow.com.br\/site\/?p=27385"},"modified":"2025-01-31T14:58:28","modified_gmt":"2025-01-31T17:58:28","slug":"mulher-denuncia-ameaca-de-vizinhos-apos-encontrar-cruzes-desenhadas-na-calcada","status":"publish","type":"post","link":"https:\/\/radiostudiow.com.br\/site\/2024\/09\/12\/mulher-denuncia-ameaca-de-vizinhos-apos-encontrar-cruzes-desenhadas-na-calcada\/","title":{"rendered":"Mulher denuncia amea\u00e7a de vizinhos ap\u00f3s encontrar cruzes desenhadas na cal\u00e7ada em Uni\u00e3o da Vit\u00f3ria"},"content":{"rendered":"\n<p>Uma ocorr\u00eancia de amea\u00e7a foi registrada ap\u00f3s uma mulher acionar a Pol\u00edcia Militar de Uni\u00e3o da Vit\u00f3ria para verificar uma situa\u00e7\u00e3o envolvendo seus vizinhos na noite desta quinta-feira (11).<\/p>\n\n\n\n<figure class=\"wp-block-image size-full is-resized\"><img loading=\"lazy\" decoding=\"async\" width=\"900\" height=\"408\" src=\"https:\/\/radiostudiow.com.br\/site\/wp-content\/uploads\/2024\/08\/image-64.png\" alt=\"\" class=\"wp-image-26531\" style=\"width:537px;height:auto\" srcset=\"https:\/\/radiostudiow.com.br\/site\/wp-content\/uploads\/2024\/08\/image-64.png 900w, https:\/\/radiostudiow.com.br\/site\/wp-content\/uploads\/2024\/08\/image-64-300x136.png 300w, https:\/\/radiostudiow.com.br\/site\/wp-content\/uploads\/2024\/08\/image-64-768x348.png 768w\" sizes=\"auto, (max-width: 900px) 100vw, 900px\" \/><\/figure>\n\n\n\n<p>De acordo com a v\u00edtima, ela chegou em casa por volta das 19:15 horas, ap\u00f3s o trabalho, e encontrou cinco cruzes desenhadas com cal na cal\u00e7ada, al\u00e9m de um amontoado de folhas no centro dos desenhos.<\/p>\n\n\n\n<p>A mulher, que j\u00e1 vinha enfrentando conflitos e discuss\u00f5es com o casal de vizinhos h\u00e1 cerca de dois meses, verificou as imagens de seguran\u00e7a de sua resid\u00eancia e identificou os autores das cruzes como sendo os pr\u00f3prios vizinhos.<\/p>\n\n\n\n<figure class=\"wp-block-image size-full is-resized\"><img loading=\"lazy\" decoding=\"async\" width=\"598\" height=\"204\" src=\"https:\/\/radiostudiow.com.br\/site\/wp-content\/uploads\/2024\/04\/image-39.png\" alt=\"\" class=\"wp-image-21311\" style=\"width:516px;height:auto\" srcset=\"https:\/\/radiostudiow.com.br\/site\/wp-content\/uploads\/2024\/04\/image-39.png 598w, https:\/\/radiostudiow.com.br\/site\/wp-content\/uploads\/2024\/04\/image-39-300x102.png 300w\" sizes=\"auto, (max-width: 598px) 100vw, 598px\" \/><\/figure>\n\n\n\n<p>Ap\u00f3s sair para uma sess\u00e3o de terapia, a mulher retornou com um amigo para limpar a cal\u00e7ada, momento em que o vizinho saiu de sua casa portando uma enxada, proferindo amea\u00e7as de morte enquanto batia na cal\u00e7ada.<\/p>\n\n\n\n<p>Assustada com as amea\u00e7as verbais e simb\u00f3licas, a mulher acionou a PM. No local, a guarni\u00e7\u00e3o orientou as partes envolvidas e a v\u00edtima foi informada sobre o direito de representar formalmente contra a amea\u00e7a recebida.<\/p>\n","protected":false},"excerpt":{"rendered":"<p>Uma ocorr\u00eancia de amea\u00e7a foi registrada ap\u00f3s uma mulher acionar a Pol\u00edcia Militar de Uni\u00e3o da Vit\u00f3ria para verificar uma situa\u00e7\u00e3o envolvendo seus vizinhos na noite desta quinta-feira (11). De acordo com a v\u00edtima, ela chegou em casa por volta das 19:15 horas, ap\u00f3s o trabalho, e encontrou cinco cruzes desenhadas com cal na cal\u00e7ada, [&hellip;]<\/p>\n","protected":false},"author":2,"featured_media":27386,"comment_status":"open","ping_status":"open","sticky":false,"template":"","format":"standard","meta":{"footnotes":""},"categories":[2],"tags":[172],"class_list":["post-27385","post","type-post","status-publish","format-standard","has-post-thumbnail","hentry","category-policial","tag-featured"],"amp_enabled":true,"_links":{"self":[{"href":"https:\/\/radiostudiow.com.br\/site\/wp-json\/wp\/v2\/posts\/27385","targetHints":{"allow":["GET"]}}],"collection":[{"href":"https:\/\/radiostudiow.com.br\/site\/wp-json\/wp\/v2\/posts"}],"about":[{"href":"https:\/\/radiostudiow.com.br\/site\/wp-json\/wp\/v2\/types\/post"}],"author":[{"embeddable":true,"href":"https:\/\/radiostudiow.com.br\/site\/wp-json\/wp\/v2\/users\/2"}],"replies":[{"embeddable":true,"href":"https:\/\/radiostudiow.com.br\/site\/wp-json\/wp\/v2\/comments?post=27385"}],"version-history":[{"count":3,"href":"https:\/\/radiostudiow.com.br\/site\/wp-json\/wp\/v2\/posts\/27385\/revisions"}],"predecessor-version":[{"id":27395,"href":"https:\/\/radiostudiow.com.br\/site\/wp-json\/wp\/v2\/posts\/27385\/revisions\/27395"}],"wp:featuredmedia":[{"embeddable":true,"href":"https:\/\/radiostudiow.com.br\/site\/wp-json\/wp\/v2\/media\/27386"}],"wp:attachment":[{"href":"https:\/\/radiostudiow.com.br\/site\/wp-json\/wp\/v2\/media?parent=27385"}],"wp:term":[{"taxonomy":"category","embeddable":true,"href":"https:\/\/radiostudiow.com.br\/site\/wp-json\/wp\/v2\/categories?post=27385"},{"taxonomy":"post_tag","embeddable":true,"href":"https:\/\/radiostudiow.com.br\/site\/wp-json\/wp\/v2\/tags?post=27385"}],"curies":[{"name":"wp","href":"https:\/\/api.w.org\/{rel}","templated":true}]}}