{"id":27398,"date":"2024-09-13T10:40:02","date_gmt":"2024-09-13T13:40:02","guid":{"rendered":"https:\/\/radiostudiow.com.br\/site\/?p=27398"},"modified":"2025-01-31T14:58:27","modified_gmt":"2025-01-31T17:58:27","slug":"mulher-e-ameaca-pelo-ex-convivente-em-general-carneiro","status":"publish","type":"post","link":"https:\/\/radiostudiow.com.br\/site\/2024\/09\/13\/mulher-e-ameaca-pelo-ex-convivente-em-general-carneiro\/","title":{"rendered":"Mulher \u00e9 amea\u00e7a pelo ex-convivente em General Carneiro"},"content":{"rendered":"\n<p>A equipe da Pol\u00edcia Militar de General Carneiro realizava em patrulhamento pelo bairro S\u00e3o Jo\u00e3o momento que foi abordada por uma senhora relatando um caso de amea\u00e7a por volta das 15:40 horas dessa quarta-feira (11).<\/p>\n\n\n\n<p>A solicitante informou que, sua vizinha estaria no interior de uma resid\u00eancia sendo amea\u00e7ada pelo ex-convivente. Deslocado at\u00e9 a casa indicada, que n\u00e3o possui muros, a equipe visualizou pela porta principal um homem.<\/p>\n\n\n\n<figure class=\"wp-block-image size-full\"><img loading=\"lazy\" decoding=\"async\" width=\"897\" height=\"204\" src=\"https:\/\/radiostudiow.com.br\/site\/wp-content\/uploads\/2024\/04\/image-15.png\" alt=\"\" class=\"wp-image-21199\" srcset=\"https:\/\/radiostudiow.com.br\/site\/wp-content\/uploads\/2024\/04\/image-15.png 897w, https:\/\/radiostudiow.com.br\/site\/wp-content\/uploads\/2024\/04\/image-15-300x68.png 300w, https:\/\/radiostudiow.com.br\/site\/wp-content\/uploads\/2024\/04\/image-15-768x175.png 768w\" sizes=\"auto, (max-width: 897px) 100vw, 897px\" \/><\/figure>\n\n\n\n<p>Dado voz de abordagem na casa, foi poss\u00edvel visualizar uma mulher que estava chorando no interior da resid\u00eancia. Indagado sobre o ocorrido, informou que momentos antes da equipe entrar estava recebendo amea\u00e7as e xingamentos de seu ex-convivente.<\/p>\n\n\n\n<p>Diante da situa\u00e7\u00e3o a mulher decidiu pela representa\u00e7\u00e3o contra seu ex-marido encaminhado as partes para a 4\u00aa SDP.<\/p>\n","protected":false},"excerpt":{"rendered":"<p>A equipe da Pol\u00edcia Militar de General Carneiro realizava em patrulhamento pelo bairro S\u00e3o Jo\u00e3o momento que foi abordada por uma senhora relatando um caso de amea\u00e7a por volta das 15:40 horas dessa quarta-feira (11). A solicitante informou que, sua vizinha estaria no interior de uma resid\u00eancia sendo amea\u00e7ada pelo ex-convivente. Deslocado at\u00e9 a casa [&hellip;]<\/p>\n","protected":false},"author":2,"featured_media":20848,"comment_status":"open","ping_status":"open","sticky":false,"template":"","format":"standard","meta":{"footnotes":""},"categories":[2],"tags":[172],"class_list":["post-27398","post","type-post","status-publish","format-standard","has-post-thumbnail","hentry","category-policial","tag-featured"],"amp_enabled":true,"_links":{"self":[{"href":"https:\/\/radiostudiow.com.br\/site\/wp-json\/wp\/v2\/posts\/27398","targetHints":{"allow":["GET"]}}],"collection":[{"href":"https:\/\/radiostudiow.com.br\/site\/wp-json\/wp\/v2\/posts"}],"about":[{"href":"https:\/\/radiostudiow.com.br\/site\/wp-json\/wp\/v2\/types\/post"}],"author":[{"embeddable":true,"href":"https:\/\/radiostudiow.com.br\/site\/wp-json\/wp\/v2\/users\/2"}],"replies":[{"embeddable":true,"href":"https:\/\/radiostudiow.com.br\/site\/wp-json\/wp\/v2\/comments?post=27398"}],"version-history":[{"count":2,"href":"https:\/\/radiostudiow.com.br\/site\/wp-json\/wp\/v2\/posts\/27398\/revisions"}],"predecessor-version":[{"id":27436,"href":"https:\/\/radiostudiow.com.br\/site\/wp-json\/wp\/v2\/posts\/27398\/revisions\/27436"}],"wp:featuredmedia":[{"embeddable":true,"href":"https:\/\/radiostudiow.com.br\/site\/wp-json\/wp\/v2\/media\/20848"}],"wp:attachment":[{"href":"https:\/\/radiostudiow.com.br\/site\/wp-json\/wp\/v2\/media?parent=27398"}],"wp:term":[{"taxonomy":"category","embeddable":true,"href":"https:\/\/radiostudiow.com.br\/site\/wp-json\/wp\/v2\/categories?post=27398"},{"taxonomy":"post_tag","embeddable":true,"href":"https:\/\/radiostudiow.com.br\/site\/wp-json\/wp\/v2\/tags?post=27398"}],"curies":[{"name":"wp","href":"https:\/\/api.w.org\/{rel}","templated":true}]}}