{"id":27405,"date":"2024-09-12T17:00:56","date_gmt":"2024-09-12T20:00:56","guid":{"rendered":"https:\/\/radiostudiow.com.br\/site\/?p=27405"},"modified":"2025-01-31T14:58:28","modified_gmt":"2025-01-31T17:58:28","slug":"seca-e-queimadas-preocupam-moradores-de-paulo-frontin-defesa-civil-e-brigada-de-voluntarios-estao-em-alerta","status":"publish","type":"post","link":"https:\/\/radiostudiow.com.br\/site\/2024\/09\/12\/seca-e-queimadas-preocupam-moradores-de-paulo-frontin-defesa-civil-e-brigada-de-voluntarios-estao-em-alerta\/","title":{"rendered":"Seca e queimadas preocupam moradores de Paulo Frontin"},"content":{"rendered":"\n<p><strong><em>Autoridades refor\u00e7am o pedido de colabora\u00e7\u00e3o de todos os moradores para atravessar este per\u00edodo de crise h\u00eddrica e prevenir novos focos de queimadas<\/em><\/strong><\/p>\n\n\n\n<figure class=\"wp-block-image size-full\"><img loading=\"lazy\" decoding=\"async\" width=\"598\" height=\"204\" src=\"https:\/\/radiostudiow.com.br\/site\/wp-content\/uploads\/2024\/04\/image-29.png\" alt=\"\" class=\"wp-image-21283\" srcset=\"https:\/\/radiostudiow.com.br\/site\/wp-content\/uploads\/2024\/04\/image-29.png 598w, https:\/\/radiostudiow.com.br\/site\/wp-content\/uploads\/2024\/04\/image-29-300x102.png 300w\" sizes=\"auto, (max-width: 598px) 100vw, 598px\" \/><\/figure>\n\n\n\n<p>A grave seca que atingiu a regi\u00e3o centro-sul do Paran\u00e1 causou grande preocupa\u00e7\u00e3o em Paulo Frontin, especialmente pela queda nos n\u00edveis de \u00e1gua nas nascentes do Rio Santana, principal fonte de abastecimento de \u00e1gua pot\u00e1vel da cidade. A Defesa Civil municipal est\u00e1 em alerta m\u00e1ximo, monitorando constantemente a situa\u00e7\u00e3o, que se agrava a cada dia com a escassez de chuvas e as queimadas que assolam diversas partes do pa\u00eds<\/p>\n\n\n\n<p>A Brigada de Volunt\u00e1rios de Combate aos Inc\u00eandios de Paulo Frontin tamb\u00e9m est\u00e1 mobilizada, tendo atendido diversas ocorr\u00eancias de inc\u00eandio nos \u00faltimos dias. A brigada, que atua em parceria com a Defesa Civil e outros \u00f3rg\u00e3os envolvidos, refor\u00e7a o alerta para a popula\u00e7\u00e3o sobre os riscos das queimadas e a import\u00e2ncia de a\u00e7\u00f5es preventivas neste momento cr\u00edtico.<\/p>\n\n\n\n<figure class=\"wp-block-gallery has-nested-images columns-default is-cropped wp-block-gallery-1 is-layout-flex wp-block-gallery-is-layout-flex\">\n<figure class=\"wp-block-image size-large\"><img loading=\"lazy\" decoding=\"async\" width=\"827\" height=\"1024\" data-id=\"27027\" src=\"https:\/\/radiostudiow.com.br\/site\/wp-content\/uploads\/2024\/09\/05-827x1024.png\" alt=\"\" class=\"wp-image-27027\" srcset=\"https:\/\/radiostudiow.com.br\/site\/wp-content\/uploads\/2024\/09\/05-827x1024.png 827w, https:\/\/radiostudiow.com.br\/site\/wp-content\/uploads\/2024\/09\/05-242x300.png 242w, https:\/\/radiostudiow.com.br\/site\/wp-content\/uploads\/2024\/09\/05-768x951.png 768w, https:\/\/radiostudiow.com.br\/site\/wp-content\/uploads\/2024\/09\/05.png 866w\" sizes=\"auto, (max-width: 827px) 100vw, 827px\" \/><\/figure>\n\n\n\n<figure class=\"wp-block-image size-large\"><img loading=\"lazy\" decoding=\"async\" width=\"500\" height=\"500\" data-id=\"27028\" src=\"https:\/\/radiostudiow.com.br\/site\/wp-content\/uploads\/2024\/09\/04.png\" alt=\"\" class=\"wp-image-27028\" srcset=\"https:\/\/radiostudiow.com.br\/site\/wp-content\/uploads\/2024\/09\/04.png 500w, https:\/\/radiostudiow.com.br\/site\/wp-content\/uploads\/2024\/09\/04-300x300.png 300w, https:\/\/radiostudiow.com.br\/site\/wp-content\/uploads\/2024\/09\/04-80x80.png 80w\" sizes=\"auto, (max-width: 500px) 100vw, 500px\" \/><\/figure>\n<\/figure>\n\n\n\n<p>De acordo com Ismar Vinicius Lezak, coordenador da Defesa Civil de Paulo Frontin, o risco de desabastecimento de \u00e1gua \u00e9 uma realidade crescente, e a popula\u00e7\u00e3o deve estar ciente da gravidade do momento.<strong><em> \u201cPedimos encarecidamente que todos reduzam o consumo de \u00e1gua e evitem realizar queimadas. O impacto disso pode agravar ainda mais a situa\u00e7\u00e3o j\u00e1 cr\u00edtica\u201d, destacou Lezak<\/em><\/strong><\/p>\n\n\n\n<p>Al\u00e9m do monitoramento constante das nascentes do Rio Santana, Lezak tamb\u00e9m informou que est\u00e1 em contato com autoridades estaduais para refor\u00e7ar o munic\u00edpio com equipamentos de combate a inc\u00eandios. <strong><em>\u201cEstamos trabalhando para evitar que a situa\u00e7\u00e3o fuja do controle. Qualquer descoberta, seja com o uso excessivo de \u00e1gua ou com o dano causado pelo fogo, pode ter consequ\u00eancias. Ele tamb\u00e9m comemora que o munic\u00edpio foi contemplado com seis kits de combate a inc\u00eandios anunciados pelo governador Ratinho Jr., nos \u00faltimos dias. Esses kits ser\u00e3o utilizados pela Defesa Civil em ocorr\u00eancias desse tipo&#8221;.<\/em><\/strong><\/p>\n\n\n\n<figure class=\"wp-block-image size-full is-resized\"><img loading=\"lazy\" decoding=\"async\" width=\"900\" height=\"408\" src=\"https:\/\/radiostudiow.com.br\/site\/wp-content\/uploads\/2024\/08\/image-64.png\" alt=\"\" class=\"wp-image-26531\" style=\"width:576px;height:auto\" srcset=\"https:\/\/radiostudiow.com.br\/site\/wp-content\/uploads\/2024\/08\/image-64.png 900w, https:\/\/radiostudiow.com.br\/site\/wp-content\/uploads\/2024\/08\/image-64-300x136.png 300w, https:\/\/radiostudiow.com.br\/site\/wp-content\/uploads\/2024\/08\/image-64-768x348.png 768w\" sizes=\"auto, (max-width: 900px) 100vw, 900px\" \/><\/figure>\n\n\n\n<p>A Brigada de Volunt\u00e1rios e a Prefeitura de Paulo Frontin, em conjunto com a Defesa Civil municipal e estadual, refor\u00e7am o pedido de colabora\u00e7\u00e3o de todos os moradores para atravessar este per\u00edodo de crise h\u00eddrica e prevenir novos focos de queimadas. A conscientiza\u00e7\u00e3o e a a\u00e7\u00e3o imediata s\u00e3o essenciais para mitigar os efeitos da seca e preservar os recursos naturais que abastecem a cidade.<\/p>\n","protected":false},"excerpt":{"rendered":"<p>Autoridades refor\u00e7am o pedido de colabora\u00e7\u00e3o de todos os moradores para atravessar este per\u00edodo de crise h\u00eddrica e prevenir novos focos de queimadas A grave seca que atingiu a regi\u00e3o centro-sul do Paran\u00e1 causou grande preocupa\u00e7\u00e3o em Paulo Frontin, especialmente pela queda nos n\u00edveis de \u00e1gua nas nascentes do Rio Santana, principal fonte de abastecimento [&hellip;]<\/p>\n","protected":false},"author":2,"featured_media":27406,"comment_status":"open","ping_status":"open","sticky":false,"template":"","format":"standard","meta":{"footnotes":""},"categories":[185],"tags":[172],"class_list":["post-27405","post","type-post","status-publish","format-standard","has-post-thumbnail","hentry","category-regional","tag-featured"],"amp_enabled":true,"_links":{"self":[{"href":"https:\/\/radiostudiow.com.br\/site\/wp-json\/wp\/v2\/posts\/27405","targetHints":{"allow":["GET"]}}],"collection":[{"href":"https:\/\/radiostudiow.com.br\/site\/wp-json\/wp\/v2\/posts"}],"about":[{"href":"https:\/\/radiostudiow.com.br\/site\/wp-json\/wp\/v2\/types\/post"}],"author":[{"embeddable":true,"href":"https:\/\/radiostudiow.com.br\/site\/wp-json\/wp\/v2\/users\/2"}],"replies":[{"embeddable":true,"href":"https:\/\/radiostudiow.com.br\/site\/wp-json\/wp\/v2\/comments?post=27405"}],"version-history":[{"count":2,"href":"https:\/\/radiostudiow.com.br\/site\/wp-json\/wp\/v2\/posts\/27405\/revisions"}],"predecessor-version":[{"id":27408,"href":"https:\/\/radiostudiow.com.br\/site\/wp-json\/wp\/v2\/posts\/27405\/revisions\/27408"}],"wp:featuredmedia":[{"embeddable":true,"href":"https:\/\/radiostudiow.com.br\/site\/wp-json\/wp\/v2\/media\/27406"}],"wp:attachment":[{"href":"https:\/\/radiostudiow.com.br\/site\/wp-json\/wp\/v2\/media?parent=27405"}],"wp:term":[{"taxonomy":"category","embeddable":true,"href":"https:\/\/radiostudiow.com.br\/site\/wp-json\/wp\/v2\/categories?post=27405"},{"taxonomy":"post_tag","embeddable":true,"href":"https:\/\/radiostudiow.com.br\/site\/wp-json\/wp\/v2\/tags?post=27405"}],"curies":[{"name":"wp","href":"https:\/\/api.w.org\/{rel}","templated":true}]}}