{"id":27428,"date":"2024-09-13T09:46:56","date_gmt":"2024-09-13T12:46:56","guid":{"rendered":"https:\/\/radiostudiow.com.br\/site\/?p=27428"},"modified":"2025-01-31T14:58:27","modified_gmt":"2025-01-31T17:58:27","slug":"mulher-procura-policia-apos-ser-ameacada-pela-propria-irma-em-paula-freitas","status":"publish","type":"post","link":"https:\/\/radiostudiow.com.br\/site\/2024\/09\/13\/mulher-procura-policia-apos-ser-ameacada-pela-propria-irma-em-paula-freitas\/","title":{"rendered":"Mulher procura pol\u00edcia ap\u00f3s ser amea\u00e7ada pela pr\u00f3pria irm\u00e3 em Paula Freitas"},"content":{"rendered":"\n<p>Uma senhora compareceu ao destacamento de Pol\u00edcia Militar ed Paula Freitas por volta das 09 horas dessa quarta-feira, 11 de setembro, relatando uma situa\u00e7\u00e3o de amea\u00e7a.<\/p>\n\n\n\n<figure class=\"wp-block-image size-full\"><img loading=\"lazy\" decoding=\"async\" width=\"590\" height=\"204\" src=\"https:\/\/radiostudiow.com.br\/site\/wp-content\/uploads\/2024\/04\/image-27.png\" alt=\"\" class=\"wp-image-21280\" srcset=\"https:\/\/radiostudiow.com.br\/site\/wp-content\/uploads\/2024\/04\/image-27.png 590w, https:\/\/radiostudiow.com.br\/site\/wp-content\/uploads\/2024\/04\/image-27-300x104.png 300w\" sizes=\"auto, (max-width: 590px) 100vw, 590px\" \/><\/figure>\n\n\n\n<p>De acordo com a solicitante, na noite de segunda-feira (09), recebeu uma liga\u00e7\u00e3o de sua irm\u00e3 atrav\u00e9s do aplicativo WhatsApp, onde sua irm\u00e3 teria lhe amea\u00e7ado. A autora passou a dizer que se solicitante sa\u00edsse de sua casa ir\u00e1 atear fogo ou desmanchar a resid\u00eancia. Tamb\u00e9m amea\u00e7ou dizendo que vai lhe dar uma surra.<\/p>\n\n\n\n<p>A v\u00edtima relatou que a motiva\u00e7\u00e3o das amea\u00e7as se d\u00e1 devido ao fato de sua irm\u00e3 n\u00e3o ter uma boa rela\u00e7\u00e3o com o namorado dela. Diante da situa\u00e7\u00e3o a mulher foi orientada quanto aos procedimentos cab\u00edveis.<\/p>\n","protected":false},"excerpt":{"rendered":"<p>Uma senhora compareceu ao destacamento de Pol\u00edcia Militar ed Paula Freitas por volta das 09 horas dessa quarta-feira, 11 de setembro, relatando uma situa\u00e7\u00e3o de amea\u00e7a. De acordo com a solicitante, na noite de segunda-feira (09), recebeu uma liga\u00e7\u00e3o de sua irm\u00e3 atrav\u00e9s do aplicativo WhatsApp, onde sua irm\u00e3 teria lhe amea\u00e7ado. A autora passou [&hellip;]<\/p>\n","protected":false},"author":2,"featured_media":27154,"comment_status":"open","ping_status":"open","sticky":false,"template":"","format":"standard","meta":{"footnotes":""},"categories":[2],"tags":[172],"class_list":["post-27428","post","type-post","status-publish","format-standard","has-post-thumbnail","hentry","category-policial","tag-featured"],"amp_enabled":true,"_links":{"self":[{"href":"https:\/\/radiostudiow.com.br\/site\/wp-json\/wp\/v2\/posts\/27428","targetHints":{"allow":["GET"]}}],"collection":[{"href":"https:\/\/radiostudiow.com.br\/site\/wp-json\/wp\/v2\/posts"}],"about":[{"href":"https:\/\/radiostudiow.com.br\/site\/wp-json\/wp\/v2\/types\/post"}],"author":[{"embeddable":true,"href":"https:\/\/radiostudiow.com.br\/site\/wp-json\/wp\/v2\/users\/2"}],"replies":[{"embeddable":true,"href":"https:\/\/radiostudiow.com.br\/site\/wp-json\/wp\/v2\/comments?post=27428"}],"version-history":[{"count":1,"href":"https:\/\/radiostudiow.com.br\/site\/wp-json\/wp\/v2\/posts\/27428\/revisions"}],"predecessor-version":[{"id":27429,"href":"https:\/\/radiostudiow.com.br\/site\/wp-json\/wp\/v2\/posts\/27428\/revisions\/27429"}],"wp:featuredmedia":[{"embeddable":true,"href":"https:\/\/radiostudiow.com.br\/site\/wp-json\/wp\/v2\/media\/27154"}],"wp:attachment":[{"href":"https:\/\/radiostudiow.com.br\/site\/wp-json\/wp\/v2\/media?parent=27428"}],"wp:term":[{"taxonomy":"category","embeddable":true,"href":"https:\/\/radiostudiow.com.br\/site\/wp-json\/wp\/v2\/categories?post=27428"},{"taxonomy":"post_tag","embeddable":true,"href":"https:\/\/radiostudiow.com.br\/site\/wp-json\/wp\/v2\/tags?post=27428"}],"curies":[{"name":"wp","href":"https:\/\/api.w.org\/{rel}","templated":true}]}}