{"id":27431,"date":"2024-09-13T10:22:05","date_gmt":"2024-09-13T13:22:05","guid":{"rendered":"https:\/\/radiostudiow.com.br\/site\/?p=27431"},"modified":"2025-01-31T14:58:27","modified_gmt":"2025-01-31T17:58:27","slug":"promotoria-confirma-pedido-de-cassacao-de-vicente-solda-em-rio-azul","status":"publish","type":"post","link":"https:\/\/radiostudiow.com.br\/site\/2024\/09\/13\/promotoria-confirma-pedido-de-cassacao-de-vicente-solda-em-rio-azul\/","title":{"rendered":"Promotoria confirma pedido de cassa\u00e7\u00e3o de Vicente Solda em Rio Azul"},"content":{"rendered":"\n<p>O promotor eleitoral da comarca de Rebou\u00e7as, Antonio Cezar Quevedo Goulart Filho, optou pela confirma\u00e7\u00e3o do pedido de cassa\u00e7\u00e3o do candidato a prefeito de Rio Azul, Vicente Solda (Republicanos). A impugna\u00e7\u00e3o foi feita pela Coliga\u00e7\u00e3o \u201cPra Frente Rio Azul\u201d, requerendo, em suma, o reconhecimento da inelegibilidade de Vicente Solda. Segundo o pedido, Solda \u00e9 condenado pela pr\u00e1tica de ato doloso de improbidade administrativa que importou em les\u00e3o ao patrim\u00f4nio p\u00fablico e enriquecimento il\u00edcito.<\/p>\n\n\n\n<figure class=\"wp-block-image size-full\"><img loading=\"lazy\" decoding=\"async\" width=\"598\" height=\"204\" src=\"https:\/\/radiostudiow.com.br\/site\/wp-content\/uploads\/2024\/04\/image-29.png\" alt=\"\" class=\"wp-image-21283\" srcset=\"https:\/\/radiostudiow.com.br\/site\/wp-content\/uploads\/2024\/04\/image-29.png 598w, https:\/\/radiostudiow.com.br\/site\/wp-content\/uploads\/2024\/04\/image-29-300x102.png 300w\" sizes=\"auto, (max-width: 598px) 100vw, 598px\" \/><\/figure>\n\n\n\n<p>De acordo com a a\u00e7\u00e3o, Vicente, na qualidade de prefeito de Rio Azul, praticou atos de improbidade administrativo, consubstanciados na contrata\u00e7\u00e3o irregular de Alexandre Burko para o cargo de m\u00e9dico do munic\u00edpio, e, ainda, na autoriza\u00e7\u00e3o por servi\u00e7os que n\u00e3o foram efetivamente prestados. O documento diz que \u201cnum primeiro momento n\u00e3o de vislumbrou uma irregularidade desta nova contrata\u00e7\u00e3o, n\u00e3o fosse o fato de que, na \u00e9poca, j\u00e1 estava publicado o resultado de concurso p\u00fablico para o preenchimento de cargo de m\u00e9dico e Alexandre Burko classificado na segunda posi\u00e7\u00e3o\u201d.<\/p>\n\n\n\n<p>Resultado disso, Solda e Alexandre Burko foram condenados ao ressarcimento integral dos danos causados ao er\u00e1rio do munic\u00edpio, \u00e0 suspens\u00e3o dos direitos pol\u00edticos por cinco anos, pagamento de multa civil correspondente a 10 (dez) vezes o valor da remunera\u00e7\u00e3o de Alexandre Burko e \u00e0 Vicente o valor correspondente ao triplo do acr\u00e9scimo patrimonial percebido por Alexandre Burko e proibi\u00e7\u00e3o de contrata\u00e7\u00e3o com o poder p\u00fablico pelo per\u00edodo de tr\u00eas anos.<\/p>\n\n\n\n<p><strong>SITUA\u00c7\u00c3O ATUAL DE SOLDA<\/strong><\/p>\n\n\n\n<p>Os elementos nos autos d\u00e3o conta que o Tribunal de Justi\u00e7a do Paran\u00e1, \u00f3rg\u00e3o colegiado que confirmou a condena\u00e7\u00e3o da primeira inst\u00e2ncia foi publicada em 14 de fevereiro de 2005. Como ainda n\u00e3o transcorreram os oito anos de inelegibilidade, que s\u00e3o contados apenas a partir do integral cumprimento da pena (os autos 0000342-93.2016.8.16.0142 noticiam que Vicente Solda (Republicanos) est\u00e1 cumprindo as penas, ap\u00f3s acordo celebrado para pagamento parcelado da multa civil), percebe-se que o impugnado tem empecilho \u00e0 sua candidatura. Segundo os autos o transitado em julgado ocorreu em 2013, sendo que desta data inicia o pagamento da pena. Em 2017, o documento indica que terminou o pagamento da pena e a partir desta data iniciou-se a contagem dos 8 anos de inelegibilidade que finda em 2025.<\/p>\n\n\n\n<figure class=\"wp-block-image size-full is-resized\"><img loading=\"lazy\" decoding=\"async\" width=\"900\" height=\"408\" src=\"https:\/\/radiostudiow.com.br\/site\/wp-content\/uploads\/2024\/04\/image-21.png\" alt=\"\" class=\"wp-image-21214\" style=\"width:578px;height:auto\" srcset=\"https:\/\/radiostudiow.com.br\/site\/wp-content\/uploads\/2024\/04\/image-21.png 900w, https:\/\/radiostudiow.com.br\/site\/wp-content\/uploads\/2024\/04\/image-21-300x136.png 300w, https:\/\/radiostudiow.com.br\/site\/wp-content\/uploads\/2024\/04\/image-21-768x348.png 768w\" sizes=\"auto, (max-width: 900px) 100vw, 900px\" \/><\/figure>\n\n\n\n<p>O documento do Minist\u00e9rio P\u00fablico Eleitoral (MPE) diz que \u201cpara qualquer lado que se olhe, portanto, o pedido de registro de candidatura de Vicente Solda n\u00e3o pode ser deferida, sendo certo que se encontra ineleg\u00edvel na forma do art. 1\u00ba, inciso I, al\u00ednea \u201cl\u201d, da Lei Complementar 64\/1990\u201d.<\/p>\n\n\n\n<p>Ainda, o final do mesmo documento exp\u00f5e que \u201ca 62\u00aa Zona Eleitoral do Paran\u00e1, se manifesta favoravelmente \u00e0 representa\u00e7\u00e3o, para o INDEFERIMENTO do Registro de Candidatura de VICENTE SOLDA para o cargo de prefeito de Rio Azul\u201d.<\/p>\n\n\n\n<p>O deferimento da candidatura de Vicente Solda (Republicanos), dever\u00e1 ainda ser julgado pelo juiz eleitoral da comarca nos pr\u00f3ximos dias. O prazo da defesa j\u00e1 foi conclu\u00eddo e agora o juiz Dr\u00ba James&nbsp;Byron Weschenfelder Bordignon solicitou que a defesa comprove o pagamento da pena para ent\u00e3o apurar o prazo da inelegibilidade. Como o prazo da substitui\u00e7\u00e3o de candidato \u00e9 dia 16, espera-se que a senten\u00e7a seja emitida antes desta data.<\/p>\n","protected":false},"excerpt":{"rendered":"<p>O promotor eleitoral da comarca de Rebou\u00e7as, Antonio Cezar Quevedo Goulart Filho, optou pela confirma\u00e7\u00e3o do pedido de cassa\u00e7\u00e3o do candidato a prefeito de Rio Azul, Vicente Solda (Republicanos). A impugna\u00e7\u00e3o foi feita pela Coliga\u00e7\u00e3o \u201cPra Frente Rio Azul\u201d, requerendo, em suma, o reconhecimento da inelegibilidade de Vicente Solda. Segundo o pedido, Solda \u00e9 condenado [&hellip;]<\/p>\n","protected":false},"author":2,"featured_media":27433,"comment_status":"open","ping_status":"open","sticky":false,"template":"","format":"standard","meta":{"footnotes":""},"categories":[185],"tags":[172],"class_list":["post-27431","post","type-post","status-publish","format-standard","has-post-thumbnail","hentry","category-regional","tag-featured"],"amp_enabled":true,"_links":{"self":[{"href":"https:\/\/radiostudiow.com.br\/site\/wp-json\/wp\/v2\/posts\/27431","targetHints":{"allow":["GET"]}}],"collection":[{"href":"https:\/\/radiostudiow.com.br\/site\/wp-json\/wp\/v2\/posts"}],"about":[{"href":"https:\/\/radiostudiow.com.br\/site\/wp-json\/wp\/v2\/types\/post"}],"author":[{"embeddable":true,"href":"https:\/\/radiostudiow.com.br\/site\/wp-json\/wp\/v2\/users\/2"}],"replies":[{"embeddable":true,"href":"https:\/\/radiostudiow.com.br\/site\/wp-json\/wp\/v2\/comments?post=27431"}],"version-history":[{"count":1,"href":"https:\/\/radiostudiow.com.br\/site\/wp-json\/wp\/v2\/posts\/27431\/revisions"}],"predecessor-version":[{"id":27434,"href":"https:\/\/radiostudiow.com.br\/site\/wp-json\/wp\/v2\/posts\/27431\/revisions\/27434"}],"wp:featuredmedia":[{"embeddable":true,"href":"https:\/\/radiostudiow.com.br\/site\/wp-json\/wp\/v2\/media\/27433"}],"wp:attachment":[{"href":"https:\/\/radiostudiow.com.br\/site\/wp-json\/wp\/v2\/media?parent=27431"}],"wp:term":[{"taxonomy":"category","embeddable":true,"href":"https:\/\/radiostudiow.com.br\/site\/wp-json\/wp\/v2\/categories?post=27431"},{"taxonomy":"post_tag","embeddable":true,"href":"https:\/\/radiostudiow.com.br\/site\/wp-json\/wp\/v2\/tags?post=27431"}],"curies":[{"name":"wp","href":"https:\/\/api.w.org\/{rel}","templated":true}]}}