{"id":27437,"date":"2024-09-13T10:46:06","date_gmt":"2024-09-13T13:46:06","guid":{"rendered":"https:\/\/radiostudiow.com.br\/site\/?p=27437"},"modified":"2025-01-31T14:58:27","modified_gmt":"2025-01-31T17:58:27","slug":"mulher-e-conduzida-ao-pelotao-da-policia-militar-apos-ocorrencias-de-perturbacao-de-sossego-em-uniao-da-vitoria","status":"publish","type":"post","link":"https:\/\/radiostudiow.com.br\/site\/2024\/09\/13\/mulher-e-conduzida-ao-pelotao-da-policia-militar-apos-ocorrencias-de-perturbacao-de-sossego-em-uniao-da-vitoria\/","title":{"rendered":"Mulher \u00e9 conduzida ao Pelot\u00e3o da Pol\u00edcia Militar ap\u00f3s ocorr\u00eancias de perturba\u00e7\u00e3o de sossego em Uni\u00e3o da Vit\u00f3ria"},"content":{"rendered":"\n<p>A equipe da Pol\u00edcia Militar de Uni\u00e3o da Vit\u00f3ria foi acionada via Sade para atender uma ocorr\u00eancia de perturba\u00e7\u00e3o do trabalho e sossego alheio no bairro Limeira por volta das 15:30 horas dessa quinta-feira (12).<\/p>\n\n\n\n<figure class=\"wp-block-image size-full\"><img loading=\"lazy\" decoding=\"async\" width=\"897\" height=\"204\" src=\"https:\/\/radiostudiow.com.br\/site\/wp-content\/uploads\/2024\/08\/TIJOLAO.png\" alt=\"\" class=\"wp-image-25951\" srcset=\"https:\/\/radiostudiow.com.br\/site\/wp-content\/uploads\/2024\/08\/TIJOLAO.png 897w, https:\/\/radiostudiow.com.br\/site\/wp-content\/uploads\/2024\/08\/TIJOLAO-300x68.png 300w, https:\/\/radiostudiow.com.br\/site\/wp-content\/uploads\/2024\/08\/TIJOLAO-768x175.png 768w\" sizes=\"auto, (max-width: 897px) 100vw, 897px\" \/><\/figure>\n\n\n\n<p>No local a equipe policial conversou com a propriet\u00e1ria da resid\u00eancia, causadora da perturba\u00e7\u00e3o, a qual ap\u00f3s ciente de seus direitos e dos costumes, foi conduzida juntamente com o objeto causador da perturba\u00e7\u00e3o para a sede do 27\u00b0 BPM para lavratura do termo circunstanciado de ocorr\u00eancia.<\/p>\n","protected":false},"excerpt":{"rendered":"<p>A equipe da Pol\u00edcia Militar de Uni\u00e3o da Vit\u00f3ria foi acionada via Sade para atender uma ocorr\u00eancia de perturba\u00e7\u00e3o do trabalho e sossego alheio no bairro Limeira por volta das 15:30 horas dessa quinta-feira (12). No local a equipe policial conversou com a propriet\u00e1ria da resid\u00eancia, causadora da perturba\u00e7\u00e3o, a qual ap\u00f3s ciente de seus [&hellip;]<\/p>\n","protected":false},"author":2,"featured_media":22163,"comment_status":"open","ping_status":"open","sticky":false,"template":"","format":"standard","meta":{"footnotes":""},"categories":[2],"tags":[172],"class_list":["post-27437","post","type-post","status-publish","format-standard","has-post-thumbnail","hentry","category-policial","tag-featured"],"amp_enabled":true,"_links":{"self":[{"href":"https:\/\/radiostudiow.com.br\/site\/wp-json\/wp\/v2\/posts\/27437","targetHints":{"allow":["GET"]}}],"collection":[{"href":"https:\/\/radiostudiow.com.br\/site\/wp-json\/wp\/v2\/posts"}],"about":[{"href":"https:\/\/radiostudiow.com.br\/site\/wp-json\/wp\/v2\/types\/post"}],"author":[{"embeddable":true,"href":"https:\/\/radiostudiow.com.br\/site\/wp-json\/wp\/v2\/users\/2"}],"replies":[{"embeddable":true,"href":"https:\/\/radiostudiow.com.br\/site\/wp-json\/wp\/v2\/comments?post=27437"}],"version-history":[{"count":1,"href":"https:\/\/radiostudiow.com.br\/site\/wp-json\/wp\/v2\/posts\/27437\/revisions"}],"predecessor-version":[{"id":27438,"href":"https:\/\/radiostudiow.com.br\/site\/wp-json\/wp\/v2\/posts\/27437\/revisions\/27438"}],"wp:featuredmedia":[{"embeddable":true,"href":"https:\/\/radiostudiow.com.br\/site\/wp-json\/wp\/v2\/media\/22163"}],"wp:attachment":[{"href":"https:\/\/radiostudiow.com.br\/site\/wp-json\/wp\/v2\/media?parent=27437"}],"wp:term":[{"taxonomy":"category","embeddable":true,"href":"https:\/\/radiostudiow.com.br\/site\/wp-json\/wp\/v2\/categories?post=27437"},{"taxonomy":"post_tag","embeddable":true,"href":"https:\/\/radiostudiow.com.br\/site\/wp-json\/wp\/v2\/tags?post=27437"}],"curies":[{"name":"wp","href":"https:\/\/api.w.org\/{rel}","templated":true}]}}