{"id":27443,"date":"2024-09-13T16:11:05","date_gmt":"2024-09-13T19:11:05","guid":{"rendered":"https:\/\/radiostudiow.com.br\/site\/?p=27443"},"modified":"2025-01-31T14:58:27","modified_gmt":"2025-01-31T17:58:27","slug":"motorista-fica-ferido-apos-saida-de-pista-na-br-153","status":"publish","type":"post","link":"https:\/\/radiostudiow.com.br\/site\/2024\/09\/13\/motorista-fica-ferido-apos-saida-de-pista-na-br-153\/","title":{"rendered":"Motorista fica ferido ap\u00f3s sa\u00edda de pista na BR-153"},"content":{"rendered":"\n<p>Por volta das 06:45 horas da manh\u00e3 de hoje, sexta-feira, 13 de setembro, as equipes de emerg\u00eancia foram acionadas para atender a uma sa\u00edda de pista da BR-153, regi\u00e3o de \u00c1gua Doce em General Carneiro.<\/p>\n\n\n\n<figure class=\"wp-block-image size-full\"><img decoding=\"async\" src=\"https:\/\/radiostudiow.com.br\/site\/wp-content\/uploads\/2024\/04\/image-42.png\" alt=\"\" class=\"wp-image-21334\"\/><\/figure>\n\n\n\n<p>No local, encontraram a v\u00edtima, um homem que estava consciente. Ele conduzia um ve\u00edculo Renault\/Furg\u00e3o com placas de Santo Angelo (RS) e estava carregado de eletr\u00f4nicos.<\/p>\n\n\n\n<p>A v\u00edtima foi atendida no local pela equipe do Pronto Atendimento, em conjunto com o Servi\u00e7o de Atendimento M\u00f3vel de Urg\u00eancia (SAMU) de General Carneiro e foi liberado logo ap\u00f3s a avalia\u00e7\u00e3o.<\/p>\n\n\n\n<p>N\u00e3o houve necessidade de encaminhamento hospitalar e a via foi liberada ap\u00f3s os procedimentos de seguran\u00e7a realizados pelas autoridades.<\/p>\n\n\n\n<figure class=\"wp-block-image size-full\"><img loading=\"lazy\" decoding=\"async\" width=\"300\" height=\"180\" src=\"https:\/\/radiostudiow.com.br\/site\/wp-content\/uploads\/2024\/04\/SITE-PEQUENO-1.png\" alt=\"\" class=\"wp-image-21868\"\/><\/figure>\n\n\n\n<figure class=\"wp-block-video\"><video controls src=\"https:\/\/radiostudiow.com.br\/site\/wp-content\/uploads\/2024\/09\/WhatsApp-Video-2024-09-13-at-08.45.45.mp4\"><\/video><\/figure>\n","protected":false},"excerpt":{"rendered":"<p>Por volta das 06:45 horas da manh\u00e3 de hoje, sexta-feira, 13 de setembro, as equipes de emerg\u00eancia foram acionadas para atender a uma sa\u00edda de pista da BR-153, regi\u00e3o de \u00c1gua Doce em General Carneiro. No local, encontraram a v\u00edtima, um homem que estava consciente. Ele conduzia um ve\u00edculo Renault\/Furg\u00e3o com placas de Santo Angelo [&hellip;]<\/p>\n","protected":false},"author":2,"featured_media":27444,"comment_status":"open","ping_status":"open","sticky":false,"template":"","format":"standard","meta":{"footnotes":""},"categories":[185],"tags":[172],"class_list":["post-27443","post","type-post","status-publish","format-standard","has-post-thumbnail","hentry","category-regional","tag-featured"],"amp_enabled":true,"_links":{"self":[{"href":"https:\/\/radiostudiow.com.br\/site\/wp-json\/wp\/v2\/posts\/27443","targetHints":{"allow":["GET"]}}],"collection":[{"href":"https:\/\/radiostudiow.com.br\/site\/wp-json\/wp\/v2\/posts"}],"about":[{"href":"https:\/\/radiostudiow.com.br\/site\/wp-json\/wp\/v2\/types\/post"}],"author":[{"embeddable":true,"href":"https:\/\/radiostudiow.com.br\/site\/wp-json\/wp\/v2\/users\/2"}],"replies":[{"embeddable":true,"href":"https:\/\/radiostudiow.com.br\/site\/wp-json\/wp\/v2\/comments?post=27443"}],"version-history":[{"count":2,"href":"https:\/\/radiostudiow.com.br\/site\/wp-json\/wp\/v2\/posts\/27443\/revisions"}],"predecessor-version":[{"id":27472,"href":"https:\/\/radiostudiow.com.br\/site\/wp-json\/wp\/v2\/posts\/27443\/revisions\/27472"}],"wp:featuredmedia":[{"embeddable":true,"href":"https:\/\/radiostudiow.com.br\/site\/wp-json\/wp\/v2\/media\/27444"}],"wp:attachment":[{"href":"https:\/\/radiostudiow.com.br\/site\/wp-json\/wp\/v2\/media?parent=27443"}],"wp:term":[{"taxonomy":"category","embeddable":true,"href":"https:\/\/radiostudiow.com.br\/site\/wp-json\/wp\/v2\/categories?post=27443"},{"taxonomy":"post_tag","embeddable":true,"href":"https:\/\/radiostudiow.com.br\/site\/wp-json\/wp\/v2\/tags?post=27443"}],"curies":[{"name":"wp","href":"https:\/\/api.w.org\/{rel}","templated":true}]}}