{"id":27447,"date":"2024-09-13T12:03:51","date_gmt":"2024-09-13T15:03:51","guid":{"rendered":"https:\/\/radiostudiow.com.br\/site\/?p=27447"},"modified":"2025-01-31T14:58:27","modified_gmt":"2025-01-31T17:58:27","slug":"acidente-de-transito-na-br-153-mobiliza-equipes-de-resgate-em-general-carneiro","status":"publish","type":"post","link":"https:\/\/radiostudiow.com.br\/site\/2024\/09\/13\/acidente-de-transito-na-br-153-mobiliza-equipes-de-resgate-em-general-carneiro\/","title":{"rendered":"Acidente de tr\u00e2nsito na BR-153 mobiliza equipes de resgate em General Carneiro"},"content":{"rendered":"\n<p>Na noite desta quinta-feira, 12, por volta das 22h, equipes de emerg\u00eancia foram acionadas para atender a uma colis\u00e3o contra barranco no quil\u00f4metro 497 da BR-153, nas proximidades de General Carneiro.<\/p>\n\n\n\n<figure class=\"wp-block-image size-full\"><img loading=\"lazy\" decoding=\"async\" width=\"598\" height=\"204\" src=\"https:\/\/radiostudiow.com.br\/site\/wp-content\/uploads\/2024\/09\/AFUBRA.png\" alt=\"\" class=\"wp-image-27135\" srcset=\"https:\/\/radiostudiow.com.br\/site\/wp-content\/uploads\/2024\/09\/AFUBRA.png 598w, https:\/\/radiostudiow.com.br\/site\/wp-content\/uploads\/2024\/09\/AFUBRA-300x102.png 300w\" sizes=\"auto, (max-width: 598px) 100vw, 598px\" \/><\/figure>\n\n\n\n<p>O ve\u00edculo envolvido um GM\/Cobalt tinha placas de Chapec\u00f3.<\/p>\n\n\n\n<p>Ao chegarem no local, as autoridades constataram que a v\u00edtima envolvida no acidente j\u00e1 havia sido retirada por terceiros e levada para atendimento m\u00e9dico.<\/p>\n\n\n\n<p>O Pronto Atendimento e o Servi\u00e7o de Atendimento M\u00f3vel de Urg\u00eancia (SAMU) de General Carneiro estiveram no local para avaliar a situa\u00e7\u00e3o e prestar o suporte necess\u00e1rio.<\/p>\n\n\n\n<p>As circunst\u00e2ncias da colis\u00e3o e o estado de sa\u00fade da v\u00edtima ainda n\u00e3o foram divulgados pelas autoridades competentes. A Pol\u00edcia Rodovi\u00e1ria Federal (PRF) segue investigando as causas do acidente.<\/p>\n\n\n\n<figure class=\"wp-block-image size-full\"><img loading=\"lazy\" decoding=\"async\" width=\"254\" height=\"398\" src=\"https:\/\/radiostudiow.com.br\/site\/wp-content\/uploads\/2024\/09\/image-53.png\" alt=\"\" class=\"wp-image-27448\" srcset=\"https:\/\/radiostudiow.com.br\/site\/wp-content\/uploads\/2024\/09\/image-53.png 254w, https:\/\/radiostudiow.com.br\/site\/wp-content\/uploads\/2024\/09\/image-53-191x300.png 191w\" sizes=\"auto, (max-width: 254px) 100vw, 254px\" \/><\/figure>\n\n\n\n<figure class=\"wp-block-image size-full\"><img loading=\"lazy\" decoding=\"async\" width=\"251\" height=\"303\" src=\"https:\/\/radiostudiow.com.br\/site\/wp-content\/uploads\/2024\/09\/image-54.png\" alt=\"\" class=\"wp-image-27449\" srcset=\"https:\/\/radiostudiow.com.br\/site\/wp-content\/uploads\/2024\/09\/image-54.png 251w, https:\/\/radiostudiow.com.br\/site\/wp-content\/uploads\/2024\/09\/image-54-249x300.png 249w, https:\/\/radiostudiow.com.br\/site\/wp-content\/uploads\/2024\/09\/image-54-150x180.png 150w\" sizes=\"auto, (max-width: 251px) 100vw, 251px\" \/><\/figure>\n","protected":false},"excerpt":{"rendered":"<p>Na noite desta quinta-feira, 12, por volta das 22h, equipes de emerg\u00eancia foram acionadas para atender a uma colis\u00e3o contra barranco no quil\u00f4metro 497 da BR-153, nas proximidades de General Carneiro. O ve\u00edculo envolvido um GM\/Cobalt tinha placas de Chapec\u00f3. Ao chegarem no local, as autoridades constataram que a v\u00edtima envolvida no acidente j\u00e1 havia [&hellip;]<\/p>\n","protected":false},"author":2,"featured_media":27464,"comment_status":"open","ping_status":"open","sticky":false,"template":"","format":"standard","meta":{"footnotes":""},"categories":[185],"tags":[172],"class_list":["post-27447","post","type-post","status-publish","format-standard","has-post-thumbnail","hentry","category-regional","tag-featured"],"amp_enabled":true,"_links":{"self":[{"href":"https:\/\/radiostudiow.com.br\/site\/wp-json\/wp\/v2\/posts\/27447","targetHints":{"allow":["GET"]}}],"collection":[{"href":"https:\/\/radiostudiow.com.br\/site\/wp-json\/wp\/v2\/posts"}],"about":[{"href":"https:\/\/radiostudiow.com.br\/site\/wp-json\/wp\/v2\/types\/post"}],"author":[{"embeddable":true,"href":"https:\/\/radiostudiow.com.br\/site\/wp-json\/wp\/v2\/users\/2"}],"replies":[{"embeddable":true,"href":"https:\/\/radiostudiow.com.br\/site\/wp-json\/wp\/v2\/comments?post=27447"}],"version-history":[{"count":2,"href":"https:\/\/radiostudiow.com.br\/site\/wp-json\/wp\/v2\/posts\/27447\/revisions"}],"predecessor-version":[{"id":27465,"href":"https:\/\/radiostudiow.com.br\/site\/wp-json\/wp\/v2\/posts\/27447\/revisions\/27465"}],"wp:featuredmedia":[{"embeddable":true,"href":"https:\/\/radiostudiow.com.br\/site\/wp-json\/wp\/v2\/media\/27464"}],"wp:attachment":[{"href":"https:\/\/radiostudiow.com.br\/site\/wp-json\/wp\/v2\/media?parent=27447"}],"wp:term":[{"taxonomy":"category","embeddable":true,"href":"https:\/\/radiostudiow.com.br\/site\/wp-json\/wp\/v2\/categories?post=27447"},{"taxonomy":"post_tag","embeddable":true,"href":"https:\/\/radiostudiow.com.br\/site\/wp-json\/wp\/v2\/tags?post=27447"}],"curies":[{"name":"wp","href":"https:\/\/api.w.org\/{rel}","templated":true}]}}