{"id":27457,"date":"2024-09-13T12:05:12","date_gmt":"2024-09-13T15:05:12","guid":{"rendered":"https:\/\/radiostudiow.com.br\/site\/?p=27457"},"modified":"2025-01-31T14:58:27","modified_gmt":"2025-01-31T17:58:27","slug":"pm-apreende-veiculo-com-debitos-e-alerta-de-furto-em-sao-cristovao","status":"publish","type":"post","link":"https:\/\/radiostudiow.com.br\/site\/2024\/09\/13\/pm-apreende-veiculo-com-debitos-e-alerta-de-furto-em-sao-cristovao\/","title":{"rendered":"Pol\u00edcia de Uni\u00e3o da Vit\u00f3ria apreende ve\u00edculo com d\u00e9bitos e alerta de furto"},"content":{"rendered":"\n<p>A equipe de tr\u00e2nsito da Pol\u00edcia Militar de Uni\u00e3o da Vit\u00f3ria realizou a apreens\u00e3o de um autom\u00f3vel no bairro S\u00e3o Crist\u00f3v\u00e3o por volta das 10 horas desta quinta-feira (12).<\/p>\n\n\n\n<figure class=\"wp-block-image size-full\"><img loading=\"lazy\" decoding=\"async\" width=\"900\" height=\"408\" src=\"https:\/\/radiostudiow.com.br\/site\/wp-content\/uploads\/2024\/08\/image-64.png\" alt=\"\" class=\"wp-image-26531\" srcset=\"https:\/\/radiostudiow.com.br\/site\/wp-content\/uploads\/2024\/08\/image-64.png 900w, https:\/\/radiostudiow.com.br\/site\/wp-content\/uploads\/2024\/08\/image-64-300x136.png 300w, https:\/\/radiostudiow.com.br\/site\/wp-content\/uploads\/2024\/08\/image-64-768x348.png 768w\" sizes=\"auto, (max-width: 900px) 100vw, 900px\" \/><\/figure>\n\n\n\n<p>Durante a abordagem, foi constatado que o ve\u00edculo apresentava diversos d\u00e9bitos em sua documenta\u00e7\u00e3o e tamb\u00e9m possu\u00eda um alerta de furto\/roubo ativo.<\/p>\n\n\n\n<p>Ap\u00f3s as verifica\u00e7\u00f5es necess\u00e1rias, o ve\u00edculo foi encaminhado \u00e0 4\u00aa Subdivis\u00e3o Policial (SDP) para que a Pol\u00edcia Judici\u00e1ria possa tomar as devidas provid\u00eancias.<\/p>\n","protected":false},"excerpt":{"rendered":"<p>A equipe de tr\u00e2nsito da Pol\u00edcia Militar de Uni\u00e3o da Vit\u00f3ria realizou a apreens\u00e3o de um autom\u00f3vel no bairro S\u00e3o Crist\u00f3v\u00e3o por volta das 10 horas desta quinta-feira (12). Durante a abordagem, foi constatado que o ve\u00edculo apresentava diversos d\u00e9bitos em sua documenta\u00e7\u00e3o e tamb\u00e9m possu\u00eda um alerta de furto\/roubo ativo. Ap\u00f3s as verifica\u00e7\u00f5es necess\u00e1rias, [&hellip;]<\/p>\n","protected":false},"author":2,"featured_media":27458,"comment_status":"open","ping_status":"open","sticky":false,"template":"","format":"standard","meta":{"footnotes":""},"categories":[2],"tags":[172],"class_list":["post-27457","post","type-post","status-publish","format-standard","has-post-thumbnail","hentry","category-policial","tag-featured"],"amp_enabled":true,"_links":{"self":[{"href":"https:\/\/radiostudiow.com.br\/site\/wp-json\/wp\/v2\/posts\/27457","targetHints":{"allow":["GET"]}}],"collection":[{"href":"https:\/\/radiostudiow.com.br\/site\/wp-json\/wp\/v2\/posts"}],"about":[{"href":"https:\/\/radiostudiow.com.br\/site\/wp-json\/wp\/v2\/types\/post"}],"author":[{"embeddable":true,"href":"https:\/\/radiostudiow.com.br\/site\/wp-json\/wp\/v2\/users\/2"}],"replies":[{"embeddable":true,"href":"https:\/\/radiostudiow.com.br\/site\/wp-json\/wp\/v2\/comments?post=27457"}],"version-history":[{"count":4,"href":"https:\/\/radiostudiow.com.br\/site\/wp-json\/wp\/v2\/posts\/27457\/revisions"}],"predecessor-version":[{"id":27468,"href":"https:\/\/radiostudiow.com.br\/site\/wp-json\/wp\/v2\/posts\/27457\/revisions\/27468"}],"wp:featuredmedia":[{"embeddable":true,"href":"https:\/\/radiostudiow.com.br\/site\/wp-json\/wp\/v2\/media\/27458"}],"wp:attachment":[{"href":"https:\/\/radiostudiow.com.br\/site\/wp-json\/wp\/v2\/media?parent=27457"}],"wp:term":[{"taxonomy":"category","embeddable":true,"href":"https:\/\/radiostudiow.com.br\/site\/wp-json\/wp\/v2\/categories?post=27457"},{"taxonomy":"post_tag","embeddable":true,"href":"https:\/\/radiostudiow.com.br\/site\/wp-json\/wp\/v2\/tags?post=27457"}],"curies":[{"name":"wp","href":"https:\/\/api.w.org\/{rel}","templated":true}]}}