{"id":27460,"date":"2024-09-13T16:48:07","date_gmt":"2024-09-13T19:48:07","guid":{"rendered":"https:\/\/radiostudiow.com.br\/site\/?p=27460"},"modified":"2025-01-31T14:58:27","modified_gmt":"2025-01-31T17:58:27","slug":"homem-e-preso-apos-dizer-que-perdeu-a-paciencia-e-agredir-vitima-que-parou-na-uti","status":"publish","type":"post","link":"https:\/\/radiostudiow.com.br\/site\/2024\/09\/13\/homem-e-preso-apos-dizer-que-perdeu-a-paciencia-e-agredir-vitima-que-parou-na-uti\/","title":{"rendered":"V\u00edtima de agress\u00e3o est\u00e1 na UTI ap\u00f3s traumatismo cranioencef\u00e1lico. Autor foi preso e disse que perdeu a paci\u00eancia"},"content":{"rendered":"\n<p>A equipe da Pol\u00edcia Militar de Canoinhas se mobilizaram com uma ocorr\u00eancia de agress\u00e3o na Unidade de Pronto Atendimento nesta quinta-feira (12).<\/p>\n\n\n\n<figure class=\"wp-block-image size-full\"><img loading=\"lazy\" decoding=\"async\" width=\"897\" height=\"204\" src=\"https:\/\/radiostudiow.com.br\/site\/wp-content\/uploads\/2024\/04\/image-50.png\" alt=\"\" class=\"wp-image-21368\" srcset=\"https:\/\/radiostudiow.com.br\/site\/wp-content\/uploads\/2024\/04\/image-50.png 897w, https:\/\/radiostudiow.com.br\/site\/wp-content\/uploads\/2024\/04\/image-50-300x68.png 300w, https:\/\/radiostudiow.com.br\/site\/wp-content\/uploads\/2024\/04\/image-50-768x175.png 768w\" sizes=\"auto, (max-width: 897px) 100vw, 897px\" \/><\/figure>\n\n\n\n<p>Um homem teria sido v\u00edtima de v\u00e1rias agress\u00f5es na cabe\u00e7a durante uma discuss\u00e3o.\u00a0Ele foi conduzido \u00e0 Unidade de Pronto Atendimento com um quadro grave de traumatismo cranioencef\u00e1lico, teve de ser entubado e, de acordo com os policiais, permanece sem condi\u00e7\u00f5es de prestar esclarecimentos.<\/p>\n\n\n\n<p>O agressor conversou com as autoridades e confessou a autoria do crime. Ele alegou que a discuss\u00e3o com a v\u00edtima teria iniciado ap\u00f3s discordarem de um valor relacionado \u00e0 venda de sucata.<\/p>\n\n\n\n<p>O homem afirmou ter agredido o outro porque \u201cperdeu a paci\u00eancia\u201d. Ap\u00f3s prestar esclarecimentos, o homem foi detido e conduzido \u00e0 Delegacia.<\/p>\n","protected":false},"excerpt":{"rendered":"<p>A equipe da Pol\u00edcia Militar de Canoinhas se mobilizaram com uma ocorr\u00eancia de agress\u00e3o na Unidade de Pronto Atendimento nesta quinta-feira (12). Um homem teria sido v\u00edtima de v\u00e1rias agress\u00f5es na cabe\u00e7a durante uma discuss\u00e3o.\u00a0Ele foi conduzido \u00e0 Unidade de Pronto Atendimento com um quadro grave de traumatismo cranioencef\u00e1lico, teve de ser entubado e, de [&hellip;]<\/p>\n","protected":false},"author":2,"featured_media":27487,"comment_status":"open","ping_status":"open","sticky":false,"template":"","format":"standard","meta":{"footnotes":""},"categories":[2],"tags":[172],"class_list":["post-27460","post","type-post","status-publish","format-standard","has-post-thumbnail","hentry","category-policial","tag-featured"],"amp_enabled":true,"_links":{"self":[{"href":"https:\/\/radiostudiow.com.br\/site\/wp-json\/wp\/v2\/posts\/27460","targetHints":{"allow":["GET"]}}],"collection":[{"href":"https:\/\/radiostudiow.com.br\/site\/wp-json\/wp\/v2\/posts"}],"about":[{"href":"https:\/\/radiostudiow.com.br\/site\/wp-json\/wp\/v2\/types\/post"}],"author":[{"embeddable":true,"href":"https:\/\/radiostudiow.com.br\/site\/wp-json\/wp\/v2\/users\/2"}],"replies":[{"embeddable":true,"href":"https:\/\/radiostudiow.com.br\/site\/wp-json\/wp\/v2\/comments?post=27460"}],"version-history":[{"count":5,"href":"https:\/\/radiostudiow.com.br\/site\/wp-json\/wp\/v2\/posts\/27460\/revisions"}],"predecessor-version":[{"id":27511,"href":"https:\/\/radiostudiow.com.br\/site\/wp-json\/wp\/v2\/posts\/27460\/revisions\/27511"}],"wp:featuredmedia":[{"embeddable":true,"href":"https:\/\/radiostudiow.com.br\/site\/wp-json\/wp\/v2\/media\/27487"}],"wp:attachment":[{"href":"https:\/\/radiostudiow.com.br\/site\/wp-json\/wp\/v2\/media?parent=27460"}],"wp:term":[{"taxonomy":"category","embeddable":true,"href":"https:\/\/radiostudiow.com.br\/site\/wp-json\/wp\/v2\/categories?post=27460"},{"taxonomy":"post_tag","embeddable":true,"href":"https:\/\/radiostudiow.com.br\/site\/wp-json\/wp\/v2\/tags?post=27460"}],"curies":[{"name":"wp","href":"https:\/\/api.w.org\/{rel}","templated":true}]}}