{"id":27504,"date":"2024-09-14T09:04:47","date_gmt":"2024-09-14T12:04:47","guid":{"rendered":"https:\/\/radiostudiow.com.br\/site\/?p=27504"},"modified":"2025-01-31T14:58:27","modified_gmt":"2025-01-31T17:58:27","slug":"pm-cumprimento-mandado-de-prisao-em-uniao-da-vitoria","status":"publish","type":"post","link":"https:\/\/radiostudiow.com.br\/site\/2024\/09\/14\/pm-cumprimento-mandado-de-prisao-em-uniao-da-vitoria\/","title":{"rendered":"PM cumpre de mandado de pris\u00e3o em Uni\u00e3o da Vit\u00f3ria"},"content":{"rendered":"\n<p>Por volta das 21:30 horas dessa sexta-feira, 13 de setembro, a Pol\u00edcia Militar de Uni\u00e3o da Vit\u00f3ria recebeu de informa\u00e7\u00e3o de que um indiv\u00edduo estaria com mandado de pris\u00e3o ativo estaria no bairro Limeira.<\/p>\n\n\n\n<figure class=\"wp-block-image size-full\"><img loading=\"lazy\" decoding=\"async\" width=\"897\" height=\"204\" src=\"https:\/\/radiostudiow.com.br\/site\/wp-content\/uploads\/2024\/04\/image-37.png\" alt=\"\" class=\"wp-image-21305\" srcset=\"https:\/\/radiostudiow.com.br\/site\/wp-content\/uploads\/2024\/04\/image-37.png 897w, https:\/\/radiostudiow.com.br\/site\/wp-content\/uploads\/2024\/04\/image-37-300x68.png 300w, https:\/\/radiostudiow.com.br\/site\/wp-content\/uploads\/2024\/04\/image-37-768x175.png 768w\" sizes=\"auto, (max-width: 897px) 100vw, 897px\" \/><\/figure>\n\n\n\n<p>A equipe Rocam realizou patrulhamento pela localidade e no bairro Rio D&#8217;areia, na Rua Walter de Oliveira foi avistado o referido suspeito. Sendo procedida a abordagem e confirmado.<\/p>\n\n\n\n<p>Dado voz de pris\u00e3o ao autor e encaminhado a unidade prisional avan\u00e7ada de porto uni\u00e3o para provid\u00eancias<\/p>\n","protected":false},"excerpt":{"rendered":"<p>Por volta das 21:30 horas dessa sexta-feira, 13 de setembro, a Pol\u00edcia Militar de Uni\u00e3o da Vit\u00f3ria recebeu de informa\u00e7\u00e3o de que um indiv\u00edduo estaria com mandado de pris\u00e3o ativo estaria no bairro Limeira. A equipe Rocam realizou patrulhamento pela localidade e no bairro Rio D&#8217;areia, na Rua Walter de Oliveira foi avistado o referido [&hellip;]<\/p>\n","protected":false},"author":2,"featured_media":16838,"comment_status":"open","ping_status":"open","sticky":false,"template":"","format":"standard","meta":{"footnotes":""},"categories":[2],"tags":[172],"class_list":["post-27504","post","type-post","status-publish","format-standard","has-post-thumbnail","hentry","category-policial","tag-featured"],"amp_enabled":true,"_links":{"self":[{"href":"https:\/\/radiostudiow.com.br\/site\/wp-json\/wp\/v2\/posts\/27504","targetHints":{"allow":["GET"]}}],"collection":[{"href":"https:\/\/radiostudiow.com.br\/site\/wp-json\/wp\/v2\/posts"}],"about":[{"href":"https:\/\/radiostudiow.com.br\/site\/wp-json\/wp\/v2\/types\/post"}],"author":[{"embeddable":true,"href":"https:\/\/radiostudiow.com.br\/site\/wp-json\/wp\/v2\/users\/2"}],"replies":[{"embeddable":true,"href":"https:\/\/radiostudiow.com.br\/site\/wp-json\/wp\/v2\/comments?post=27504"}],"version-history":[{"count":3,"href":"https:\/\/radiostudiow.com.br\/site\/wp-json\/wp\/v2\/posts\/27504\/revisions"}],"predecessor-version":[{"id":27513,"href":"https:\/\/radiostudiow.com.br\/site\/wp-json\/wp\/v2\/posts\/27504\/revisions\/27513"}],"wp:featuredmedia":[{"embeddable":true,"href":"https:\/\/radiostudiow.com.br\/site\/wp-json\/wp\/v2\/media\/16838"}],"wp:attachment":[{"href":"https:\/\/radiostudiow.com.br\/site\/wp-json\/wp\/v2\/media?parent=27504"}],"wp:term":[{"taxonomy":"category","embeddable":true,"href":"https:\/\/radiostudiow.com.br\/site\/wp-json\/wp\/v2\/categories?post=27504"},{"taxonomy":"post_tag","embeddable":true,"href":"https:\/\/radiostudiow.com.br\/site\/wp-json\/wp\/v2\/tags?post=27504"}],"curies":[{"name":"wp","href":"https:\/\/api.w.org\/{rel}","templated":true}]}}