{"id":27506,"date":"2024-09-14T09:11:20","date_gmt":"2024-09-14T12:11:20","guid":{"rendered":"https:\/\/radiostudiow.com.br\/site\/?p=27506"},"modified":"2025-01-31T14:58:27","modified_gmt":"2025-01-31T17:58:27","slug":"pm-de-uniao-da-vitoria-registra-perturbacao-do-sossego","status":"publish","type":"post","link":"https:\/\/radiostudiow.com.br\/site\/2024\/09\/14\/pm-de-uniao-da-vitoria-registra-perturbacao-do-sossego\/","title":{"rendered":"PM de Uni\u00e3o da Vit\u00f3ria registra perturba\u00e7\u00e3o do sossego"},"content":{"rendered":"\n<p>A equipe da Pol\u00edcia Militar foi acionada para verificar poss\u00edvel situa\u00e7\u00e3o de perturba\u00e7\u00e3o do trabalho ou sossego alheio no endere\u00e7o supracitado na localidade de Ponte Nova em Uni\u00e3o da Vit\u00f3ria.<\/p>\n\n\n\n<figure class=\"wp-block-image size-full\"><img loading=\"lazy\" decoding=\"async\" width=\"897\" height=\"204\" src=\"https:\/\/radiostudiow.com.br\/site\/wp-content\/uploads\/2024\/08\/TIJOLAO.png\" alt=\"\" class=\"wp-image-25951\" srcset=\"https:\/\/radiostudiow.com.br\/site\/wp-content\/uploads\/2024\/08\/TIJOLAO.png 897w, https:\/\/radiostudiow.com.br\/site\/wp-content\/uploads\/2024\/08\/TIJOLAO-300x68.png 300w, https:\/\/radiostudiow.com.br\/site\/wp-content\/uploads\/2024\/08\/TIJOLAO-768x175.png 768w\" sizes=\"auto, (max-width: 897px) 100vw, 897px\" \/><\/figure>\n\n\n\n<p>No local, a pol\u00edcia encontrou cerca de 06 (seis) pessoas conversando na varanda do segundo andar da resid\u00eancia e uma caixa de som ligada. O caso foi registrado por volta das 22:20 horas dessa sexta-feira (13).<\/p>\n\n\n\n<p>O respons\u00e1vel foi devidamente orientado e advertido pela equipe quanto a situa\u00e7\u00e3o de perturba\u00e7\u00e3o e se responsabilizou em manter a ordem no local e posteriormente foi liberado.<\/p>\n","protected":false},"excerpt":{"rendered":"<p>A equipe da Pol\u00edcia Militar foi acionada para verificar poss\u00edvel situa\u00e7\u00e3o de perturba\u00e7\u00e3o do trabalho ou sossego alheio no endere\u00e7o supracitado na localidade de Ponte Nova em Uni\u00e3o da Vit\u00f3ria. No local, a pol\u00edcia encontrou cerca de 06 (seis) pessoas conversando na varanda do segundo andar da resid\u00eancia e uma caixa de som ligada. O [&hellip;]<\/p>\n","protected":false},"author":2,"featured_media":27131,"comment_status":"open","ping_status":"open","sticky":false,"template":"","format":"standard","meta":{"footnotes":""},"categories":[2],"tags":[172],"class_list":["post-27506","post","type-post","status-publish","format-standard","has-post-thumbnail","hentry","category-policial","tag-featured"],"amp_enabled":true,"_links":{"self":[{"href":"https:\/\/radiostudiow.com.br\/site\/wp-json\/wp\/v2\/posts\/27506","targetHints":{"allow":["GET"]}}],"collection":[{"href":"https:\/\/radiostudiow.com.br\/site\/wp-json\/wp\/v2\/posts"}],"about":[{"href":"https:\/\/radiostudiow.com.br\/site\/wp-json\/wp\/v2\/types\/post"}],"author":[{"embeddable":true,"href":"https:\/\/radiostudiow.com.br\/site\/wp-json\/wp\/v2\/users\/2"}],"replies":[{"embeddable":true,"href":"https:\/\/radiostudiow.com.br\/site\/wp-json\/wp\/v2\/comments?post=27506"}],"version-history":[{"count":1,"href":"https:\/\/radiostudiow.com.br\/site\/wp-json\/wp\/v2\/posts\/27506\/revisions"}],"predecessor-version":[{"id":27507,"href":"https:\/\/radiostudiow.com.br\/site\/wp-json\/wp\/v2\/posts\/27506\/revisions\/27507"}],"wp:featuredmedia":[{"embeddable":true,"href":"https:\/\/radiostudiow.com.br\/site\/wp-json\/wp\/v2\/media\/27131"}],"wp:attachment":[{"href":"https:\/\/radiostudiow.com.br\/site\/wp-json\/wp\/v2\/media?parent=27506"}],"wp:term":[{"taxonomy":"category","embeddable":true,"href":"https:\/\/radiostudiow.com.br\/site\/wp-json\/wp\/v2\/categories?post=27506"},{"taxonomy":"post_tag","embeddable":true,"href":"https:\/\/radiostudiow.com.br\/site\/wp-json\/wp\/v2\/tags?post=27506"}],"curies":[{"name":"wp","href":"https:\/\/api.w.org\/{rel}","templated":true}]}}