{"id":27524,"date":"2024-09-14T12:33:50","date_gmt":"2024-09-14T15:33:50","guid":{"rendered":"https:\/\/radiostudiow.com.br\/site\/?p=27524"},"modified":"2025-01-31T14:58:27","modified_gmt":"2025-01-31T17:58:27","slug":"pm-e-aciona-apos-veiculo-pegar-fogo-na-parte-eletrica-em-porto-vitoria","status":"publish","type":"post","link":"https:\/\/radiostudiow.com.br\/site\/2024\/09\/14\/pm-e-aciona-apos-veiculo-pegar-fogo-na-parte-eletrica-em-porto-vitoria\/","title":{"rendered":"PM \u00e9 aciona ap\u00f3s ve\u00edculo pegar fogo na parte el\u00e9trica em Porto Vit\u00f3ria"},"content":{"rendered":"\n<p>A equipe da Pol\u00edcia Militar foi acionada para atender uma situa\u00e7\u00e3o de danos registrada por volta 15:17 horas dessa sexta-feira, 13 de setembro, na \u00e1rea central de Porto Vit\u00f3ria.<\/p>\n\n\n\n<figure class=\"wp-block-image size-full\"><img loading=\"lazy\" decoding=\"async\" width=\"598\" height=\"204\" src=\"https:\/\/radiostudiow.com.br\/site\/wp-content\/uploads\/2024\/09\/AFUBRA.png\" alt=\"\" class=\"wp-image-27135\" srcset=\"https:\/\/radiostudiow.com.br\/site\/wp-content\/uploads\/2024\/09\/AFUBRA.png 598w, https:\/\/radiostudiow.com.br\/site\/wp-content\/uploads\/2024\/09\/AFUBRA-300x102.png 300w\" sizes=\"auto, (max-width: 598px) 100vw, 598px\" \/><\/figure>\n\n\n\n<p>A solicitante relatou que o ve\u00edculo estava em deslocamento pr\u00f3ximo ao pr\u00e9dio da sede da prefeitura, quando iniciou inc\u00eandio no ve\u00edculo na parte el\u00e9trica. Sendo rapidamente controlado, n\u00e3o causando ferimentos nos envolvidos, apenas danos materiais.<\/p>\n\n\n\n<p>Diante dos relatos a equipe policial orientou a solicitante quanto aos procedimentos cab\u00edveis.<\/p>\n","protected":false},"excerpt":{"rendered":"<p>A equipe da Pol\u00edcia Militar foi acionada para atender uma situa\u00e7\u00e3o de danos registrada por volta 15:17 horas dessa sexta-feira, 13 de setembro, na \u00e1rea central de Porto Vit\u00f3ria. A solicitante relatou que o ve\u00edculo estava em deslocamento pr\u00f3ximo ao pr\u00e9dio da sede da prefeitura, quando iniciou inc\u00eandio no ve\u00edculo na parte el\u00e9trica. Sendo rapidamente [&hellip;]<\/p>\n","protected":false},"author":2,"featured_media":15416,"comment_status":"open","ping_status":"open","sticky":false,"template":"","format":"standard","meta":{"footnotes":""},"categories":[2],"tags":[172],"class_list":["post-27524","post","type-post","status-publish","format-standard","has-post-thumbnail","hentry","category-policial","tag-featured"],"amp_enabled":true,"_links":{"self":[{"href":"https:\/\/radiostudiow.com.br\/site\/wp-json\/wp\/v2\/posts\/27524","targetHints":{"allow":["GET"]}}],"collection":[{"href":"https:\/\/radiostudiow.com.br\/site\/wp-json\/wp\/v2\/posts"}],"about":[{"href":"https:\/\/radiostudiow.com.br\/site\/wp-json\/wp\/v2\/types\/post"}],"author":[{"embeddable":true,"href":"https:\/\/radiostudiow.com.br\/site\/wp-json\/wp\/v2\/users\/2"}],"replies":[{"embeddable":true,"href":"https:\/\/radiostudiow.com.br\/site\/wp-json\/wp\/v2\/comments?post=27524"}],"version-history":[{"count":1,"href":"https:\/\/radiostudiow.com.br\/site\/wp-json\/wp\/v2\/posts\/27524\/revisions"}],"predecessor-version":[{"id":27525,"href":"https:\/\/radiostudiow.com.br\/site\/wp-json\/wp\/v2\/posts\/27524\/revisions\/27525"}],"wp:featuredmedia":[{"embeddable":true,"href":"https:\/\/radiostudiow.com.br\/site\/wp-json\/wp\/v2\/media\/15416"}],"wp:attachment":[{"href":"https:\/\/radiostudiow.com.br\/site\/wp-json\/wp\/v2\/media?parent=27524"}],"wp:term":[{"taxonomy":"category","embeddable":true,"href":"https:\/\/radiostudiow.com.br\/site\/wp-json\/wp\/v2\/categories?post=27524"},{"taxonomy":"post_tag","embeddable":true,"href":"https:\/\/radiostudiow.com.br\/site\/wp-json\/wp\/v2\/tags?post=27524"}],"curies":[{"name":"wp","href":"https:\/\/api.w.org\/{rel}","templated":true}]}}