{"id":27540,"date":"2024-09-16T10:14:05","date_gmt":"2024-09-16T13:14:05","guid":{"rendered":"https:\/\/radiostudiow.com.br\/site\/?p=27540"},"modified":"2025-01-31T14:58:27","modified_gmt":"2025-01-31T17:58:27","slug":"homens-ficam-gravemente-feridos-a-facadas-durante-briga-no-interior-de-bituruna","status":"publish","type":"post","link":"https:\/\/radiostudiow.com.br\/site\/2024\/09\/16\/homens-ficam-gravemente-feridos-a-facadas-durante-briga-no-interior-de-bituruna\/","title":{"rendered":"Homens ficam gravemente feridos a facadas durante briga no interior de Bituruna"},"content":{"rendered":"\n<p>A equipe da Pol\u00edcia Militar de Bituruna foi informada por um homem sobre uma rixa envolvendo quatro indiv\u00edduos na localidade de Augusto Loureiro por volta das 21 horas na noite deste s\u00e1bado (14).<\/p>\n\n\n\n<p>Durante o conflito, dois homens foram esfaqueados e estavam em estado grave no local. Imediatamente, a equipe policial acionou o SAMU de Bituruna e se dirigiu ao endere\u00e7o informado.<\/p>\n\n\n\n<figure class=\"wp-block-image size-full\"><img loading=\"lazy\" decoding=\"async\" width=\"897\" height=\"204\" src=\"https:\/\/radiostudiow.com.br\/site\/wp-content\/uploads\/2024\/04\/image-38.png\" alt=\"\" class=\"wp-image-21308\" srcset=\"https:\/\/radiostudiow.com.br\/site\/wp-content\/uploads\/2024\/04\/image-38.png 897w, https:\/\/radiostudiow.com.br\/site\/wp-content\/uploads\/2024\/04\/image-38-300x68.png 300w, https:\/\/radiostudiow.com.br\/site\/wp-content\/uploads\/2024\/04\/image-38-768x175.png 768w\" sizes=\"auto, (max-width: 897px) 100vw, 897px\" \/><\/figure>\n\n\n\n<p>No local, constatou-se que um dos homens, com um corte grave na cabe\u00e7a e hemorragia, foi encaminhado em estado cr\u00edtico ao Hospital Regional. Outro indiv\u00edduo ferido foi levado ao Hospital de Bituruna, enquanto um terceiro envolvido foi transportado para o Pronto Atendimento de Uni\u00e3o da Vit\u00f3ria. O quarto participante da briga n\u00e3o foi localizado.<\/p>\n\n\n\n<p>Os objetos utilizados na rixa, incluindo dois fac\u00f5es e um tronco de madeira, foram apreendidos e encaminhados ao Pelot\u00e3o de Bituruna para as devidas provid\u00eancias.<\/p>\n","protected":false},"excerpt":{"rendered":"<p>A equipe da Pol\u00edcia Militar de Bituruna foi informada por um homem sobre uma rixa envolvendo quatro indiv\u00edduos na localidade de Augusto Loureiro por volta das 21 horas na noite deste s\u00e1bado (14). Durante o conflito, dois homens foram esfaqueados e estavam em estado grave no local. Imediatamente, a equipe policial acionou o SAMU de [&hellip;]<\/p>\n","protected":false},"author":2,"featured_media":24373,"comment_status":"open","ping_status":"open","sticky":false,"template":"","format":"standard","meta":{"footnotes":""},"categories":[2],"tags":[172],"class_list":["post-27540","post","type-post","status-publish","format-standard","has-post-thumbnail","hentry","category-policial","tag-featured"],"amp_enabled":true,"_links":{"self":[{"href":"https:\/\/radiostudiow.com.br\/site\/wp-json\/wp\/v2\/posts\/27540","targetHints":{"allow":["GET"]}}],"collection":[{"href":"https:\/\/radiostudiow.com.br\/site\/wp-json\/wp\/v2\/posts"}],"about":[{"href":"https:\/\/radiostudiow.com.br\/site\/wp-json\/wp\/v2\/types\/post"}],"author":[{"embeddable":true,"href":"https:\/\/radiostudiow.com.br\/site\/wp-json\/wp\/v2\/users\/2"}],"replies":[{"embeddable":true,"href":"https:\/\/radiostudiow.com.br\/site\/wp-json\/wp\/v2\/comments?post=27540"}],"version-history":[{"count":2,"href":"https:\/\/radiostudiow.com.br\/site\/wp-json\/wp\/v2\/posts\/27540\/revisions"}],"predecessor-version":[{"id":27552,"href":"https:\/\/radiostudiow.com.br\/site\/wp-json\/wp\/v2\/posts\/27540\/revisions\/27552"}],"wp:featuredmedia":[{"embeddable":true,"href":"https:\/\/radiostudiow.com.br\/site\/wp-json\/wp\/v2\/media\/24373"}],"wp:attachment":[{"href":"https:\/\/radiostudiow.com.br\/site\/wp-json\/wp\/v2\/media?parent=27540"}],"wp:term":[{"taxonomy":"category","embeddable":true,"href":"https:\/\/radiostudiow.com.br\/site\/wp-json\/wp\/v2\/categories?post=27540"},{"taxonomy":"post_tag","embeddable":true,"href":"https:\/\/radiostudiow.com.br\/site\/wp-json\/wp\/v2\/tags?post=27540"}],"curies":[{"name":"wp","href":"https:\/\/api.w.org\/{rel}","templated":true}]}}