{"id":27547,"date":"2024-09-16T11:32:42","date_gmt":"2024-09-16T14:32:42","guid":{"rendered":"https:\/\/radiostudiow.com.br\/site\/?p=27547"},"modified":"2025-01-31T14:58:27","modified_gmt":"2025-01-31T17:58:27","slug":"mulher-e-ameacada-com-arma-de-fogo-e-consegue-fugir-em-uniao-da-vitoria","status":"publish","type":"post","link":"https:\/\/radiostudiow.com.br\/site\/2024\/09\/16\/mulher-e-ameacada-com-arma-de-fogo-e-consegue-fugir-em-uniao-da-vitoria\/","title":{"rendered":"Mulher \u00e9 amea\u00e7ada com arma de fogo e consegue fugir em Uni\u00e3o da Vit\u00f3ria"},"content":{"rendered":"\n<p>A equipe da Pol\u00edcia Militar foi acionada para atender uma ocorr\u00eancia de sequestro no bairro S\u00e3o Bernardo em Uni\u00e3o da Vit\u00f3ria por volta das 10 horas da manh\u00e3 deste s\u00e1bado (14). Segundo o relato da v\u00edtima, ela estava acompanhada de uma amiga quando foram abordadas por um homem que as convidou para entrar em seu carro.<\/p>\n\n\n\n<figure class=\"wp-block-image size-full\"><img loading=\"lazy\" decoding=\"async\" width=\"300\" height=\"180\" src=\"https:\/\/radiostudiow.com.br\/site\/wp-content\/uploads\/2024\/04\/SITE-PEQUENO-1.png\" alt=\"\" class=\"wp-image-21868\"\/><\/figure>\n\n\n\n<p>Durante o trajeto, o suspeito, aparentemente em surto, afirmou que havia uma pessoa no porta-malas do ve\u00edculo. Logo ap\u00f3s, ele sacou uma arma de fogo, disparou em dire\u00e7\u00e3o ao banco traseiro e, em seguida, obrigou as duas mulheres a descerem do carro, amea\u00e7ando-as de morte.<\/p>\n\n\n\n<p>O homem ent\u00e3o decidiu lev\u00e1-las para suas respectivas casas com o objetivo de descobrir onde moravam. Ele deixou a primeira mulher em seu endere\u00e7o e seguiu para deixar a segunda, mas o carro ficou sem gasolina. Nesse momento, a v\u00edtima encontrou a arma de fogo dentro do ve\u00edculo e conseguiu sair, levando a chave e a arma.<\/p>\n\n\n\n<figure class=\"wp-block-image size-full is-resized\"><img loading=\"lazy\" decoding=\"async\" width=\"900\" height=\"408\" src=\"https:\/\/radiostudiow.com.br\/site\/wp-content\/uploads\/2024\/08\/image-64.png\" alt=\"\" class=\"wp-image-26531\" style=\"width:616px;height:auto\" srcset=\"https:\/\/radiostudiow.com.br\/site\/wp-content\/uploads\/2024\/08\/image-64.png 900w, https:\/\/radiostudiow.com.br\/site\/wp-content\/uploads\/2024\/08\/image-64-300x136.png 300w, https:\/\/radiostudiow.com.br\/site\/wp-content\/uploads\/2024\/08\/image-64-768x348.png 768w\" sizes=\"auto, (max-width: 900px) 100vw, 900px\" \/><\/figure>\n\n\n\n<p>Ela pediu ajuda em uma oficina nas proximidades, enquanto o suspeito tentou interferir, mas fugiu a p\u00e9, deixando o carro e a arma no local.<\/p>\n\n\n\n<p>Os objetos foram recolhidos pela pol\u00edcia e apresentados na 4\u00aa Subdivis\u00e3o de Pol\u00edcia Civil para investiga\u00e7\u00e3o. O caso est\u00e1 sob an\u00e1lise da Pol\u00edcia Judici\u00e1ria, que busca localizar o autor do crime.<\/p>\n","protected":false},"excerpt":{"rendered":"<p>A equipe da Pol\u00edcia Militar foi acionada para atender uma ocorr\u00eancia de sequestro no bairro S\u00e3o Bernardo em Uni\u00e3o da Vit\u00f3ria por volta das 10 horas da manh\u00e3 deste s\u00e1bado (14). Segundo o relato da v\u00edtima, ela estava acompanhada de uma amiga quando foram abordadas por um homem que as convidou para entrar em seu [&hellip;]<\/p>\n","protected":false},"author":2,"featured_media":24373,"comment_status":"open","ping_status":"open","sticky":false,"template":"","format":"standard","meta":{"footnotes":""},"categories":[2],"tags":[172],"class_list":["post-27547","post","type-post","status-publish","format-standard","has-post-thumbnail","hentry","category-policial","tag-featured"],"amp_enabled":true,"_links":{"self":[{"href":"https:\/\/radiostudiow.com.br\/site\/wp-json\/wp\/v2\/posts\/27547","targetHints":{"allow":["GET"]}}],"collection":[{"href":"https:\/\/radiostudiow.com.br\/site\/wp-json\/wp\/v2\/posts"}],"about":[{"href":"https:\/\/radiostudiow.com.br\/site\/wp-json\/wp\/v2\/types\/post"}],"author":[{"embeddable":true,"href":"https:\/\/radiostudiow.com.br\/site\/wp-json\/wp\/v2\/users\/2"}],"replies":[{"embeddable":true,"href":"https:\/\/radiostudiow.com.br\/site\/wp-json\/wp\/v2\/comments?post=27547"}],"version-history":[{"count":2,"href":"https:\/\/radiostudiow.com.br\/site\/wp-json\/wp\/v2\/posts\/27547\/revisions"}],"predecessor-version":[{"id":27566,"href":"https:\/\/radiostudiow.com.br\/site\/wp-json\/wp\/v2\/posts\/27547\/revisions\/27566"}],"wp:featuredmedia":[{"embeddable":true,"href":"https:\/\/radiostudiow.com.br\/site\/wp-json\/wp\/v2\/media\/24373"}],"wp:attachment":[{"href":"https:\/\/radiostudiow.com.br\/site\/wp-json\/wp\/v2\/media?parent=27547"}],"wp:term":[{"taxonomy":"category","embeddable":true,"href":"https:\/\/radiostudiow.com.br\/site\/wp-json\/wp\/v2\/categories?post=27547"},{"taxonomy":"post_tag","embeddable":true,"href":"https:\/\/radiostudiow.com.br\/site\/wp-json\/wp\/v2\/tags?post=27547"}],"curies":[{"name":"wp","href":"https:\/\/api.w.org\/{rel}","templated":true}]}}