{"id":2755,"date":"2021-07-05T11:59:08","date_gmt":"2021-07-05T14:59:08","guid":{"rendered":"https:\/\/radiostudiow.com.br\/site\/?p=2755"},"modified":"2025-01-15T11:54:32","modified_gmt":"2025-01-15T14:54:32","slug":"motociclista-de-19-anos-morre-apos-atingir-poste-em-irati-condutor-envolvido-no-acidente-fugiu-do-local","status":"publish","type":"post","link":"https:\/\/radiostudiow.com.br\/site\/2021\/07\/05\/motociclista-de-19-anos-morre-apos-atingir-poste-em-irati-condutor-envolvido-no-acidente-fugiu-do-local\/","title":{"rendered":"Motociclista de 19 anos morre ap\u00f3s atingir poste em Irati. Condutor envolvido no acidente fugiu do local"},"content":{"rendered":"\n<p>Um acidente ocorrido no in\u00edcio da noite de domingo (04) vitimou o jovem Lucas Sidor, de apenas 19 anos. Ele conduzia uma motocicleta pela Avenida Get\u00falio Vargas, em Irati, quando teria sido \u2018fechado\u2019 por um ve\u00edculo e perdido o controle da dire\u00e7\u00e3o, sofrendo uma queda.<\/p>\n\n\n\n<p>Segundo a Pol\u00edcia Militar, o jovem foi socorrido pelo SAMU e encaminhado para a Santa Casa, mas n\u00e3o resistiu aos graves ferimentos. O Corpo de Bombeiros tamb\u00e9m prestou atendimento no local.<\/p>\n\n\n\n<figure class=\"wp-block-image size-large\"><img decoding=\"async\" src=\"https:\/\/radiostudiow.com.br\/site\/wp-content\/uploads\/2021\/07\/212817858_5986496558057844_2725783825160845731_n.jpg\" alt=\"\" class=\"wp-image-2757\"\/><\/figure>\n\n\n\n<p>De acordo com o relato de uma testemunha \u00e0 PM, um ve\u00edculo de cor escura, possivelmente um Vectra, transitava no mesmo sentido que a moto, quando ao trocar de faixa fechou o motociclista. O motorista ap\u00f3s provocar o acidente fugiu do local sem prestar atendimento \u00e0 v\u00edtima.<\/p>\n\n\n\n<p>O falecimento do jovem Lucas Sidor causa muita como\u00e7\u00e3o em Irati. Muitas mensagens de pesar est\u00e3o sendo postadas em redes sociais. O corpo foi encaminhado ao IML de Uni\u00e3o da Vit\u00f3ria.<\/p>\n\n\n\n<p>Fonte\/Imagem: <strong><a href=\"https:\/\/www.facebook.com\/reportersassaemacao\/\" data-type=\"URL\" data-id=\"https:\/\/www.facebook.com\/reportersassaemacao\/\">Rep\u00f3rter Sass\u00e1 Em A\u00e7\u00e3o<\/a><\/strong><\/p>\n\n\n\n<figure class=\"wp-block-image size-large\"><img decoding=\"async\" src=\"https:\/\/radiostudiow.com.br\/site\/wp-content\/uploads\/2021\/07\/208351719_2954243181516840_2649482006214446655_n-1024x579.jpg\" alt=\"\" class=\"wp-image-2758\"\/><\/figure>\n","protected":false},"excerpt":{"rendered":"<p>Um acidente ocorrido no in\u00edcio da noite de domingo (04) vitimou o jovem Lucas Sidor, de apenas 19 anos. Ele conduzia uma motocicleta pela Avenida Get\u00falio Vargas, em Irati, quando teria sido \u2018fechado\u2019 por um ve\u00edculo e perdido o controle da dire\u00e7\u00e3o, sofrendo uma queda. Segundo a Pol\u00edcia Militar, o jovem foi socorrido pelo SAMU [&hellip;]<\/p>\n","protected":false},"author":2,"featured_media":0,"comment_status":"open","ping_status":"open","sticky":false,"template":"","format":"standard","meta":{"footnotes":""},"categories":[2],"tags":[172],"class_list":["post-2755","post","type-post","status-publish","format-standard","hentry","category-policial","tag-featured"],"amp_enabled":true,"_links":{"self":[{"href":"https:\/\/radiostudiow.com.br\/site\/wp-json\/wp\/v2\/posts\/2755","targetHints":{"allow":["GET"]}}],"collection":[{"href":"https:\/\/radiostudiow.com.br\/site\/wp-json\/wp\/v2\/posts"}],"about":[{"href":"https:\/\/radiostudiow.com.br\/site\/wp-json\/wp\/v2\/types\/post"}],"author":[{"embeddable":true,"href":"https:\/\/radiostudiow.com.br\/site\/wp-json\/wp\/v2\/users\/2"}],"replies":[{"embeddable":true,"href":"https:\/\/radiostudiow.com.br\/site\/wp-json\/wp\/v2\/comments?post=2755"}],"version-history":[{"count":2,"href":"https:\/\/radiostudiow.com.br\/site\/wp-json\/wp\/v2\/posts\/2755\/revisions"}],"predecessor-version":[{"id":2761,"href":"https:\/\/radiostudiow.com.br\/site\/wp-json\/wp\/v2\/posts\/2755\/revisions\/2761"}],"wp:attachment":[{"href":"https:\/\/radiostudiow.com.br\/site\/wp-json\/wp\/v2\/media?parent=2755"}],"wp:term":[{"taxonomy":"category","embeddable":true,"href":"https:\/\/radiostudiow.com.br\/site\/wp-json\/wp\/v2\/categories?post=2755"},{"taxonomy":"post_tag","embeddable":true,"href":"https:\/\/radiostudiow.com.br\/site\/wp-json\/wp\/v2\/tags?post=2755"}],"curies":[{"name":"wp","href":"https:\/\/api.w.org\/{rel}","templated":true}]}}