{"id":27567,"date":"2024-09-17T10:52:16","date_gmt":"2024-09-17T13:52:16","guid":{"rendered":"https:\/\/radiostudiow.com.br\/site\/?p=27567"},"modified":"2025-01-31T14:58:27","modified_gmt":"2025-01-31T17:58:27","slug":"policia-militar-atende-caso-de-lesao-corporal-durante-festa-em-mallet","status":"publish","type":"post","link":"https:\/\/radiostudiow.com.br\/site\/2024\/09\/17\/policia-militar-atende-caso-de-lesao-corporal-durante-festa-em-mallet\/","title":{"rendered":"Pol\u00edcia Militar atende caso de les\u00e3o corporal durante festa em Mallet"},"content":{"rendered":"\n<p>Dois homens compareceram ao Pelot\u00e3o de Pol\u00edcia Militar de Mallet relatando que foram agredidos enquanto estavam em numa festa. A situa\u00e7\u00e3o foi registra por volta das 21h50min desse domingo (15).<\/p>\n\n\n\n<figure class=\"wp-block-image size-full\"><img loading=\"lazy\" decoding=\"async\" width=\"897\" height=\"204\" src=\"https:\/\/radiostudiow.com.br\/site\/wp-content\/uploads\/2024\/04\/image-50.png\" alt=\"\" class=\"wp-image-21368\" srcset=\"https:\/\/radiostudiow.com.br\/site\/wp-content\/uploads\/2024\/04\/image-50.png 897w, https:\/\/radiostudiow.com.br\/site\/wp-content\/uploads\/2024\/04\/image-50-300x68.png 300w, https:\/\/radiostudiow.com.br\/site\/wp-content\/uploads\/2024\/04\/image-50-768x175.png 768w\" sizes=\"auto, (max-width: 897px) 100vw, 897px\" \/><\/figure>\n\n\n\n<p>Os solicitantes relataram que estavam em uma festa na localidade da Col\u00f4nia Palmital, no interior da cidade e n\u00e3o souberam dizer a motiva\u00e7\u00e3o de tais agress\u00f5es. Um deles informou que foi danificado seu aparelho celular.<\/p>\n\n\n\n<p>Diante dos relatos os solicitantes foram orientados quanto aos procedimentos cab\u00edveis.<\/p>\n","protected":false},"excerpt":{"rendered":"<p>Dois homens compareceram ao Pelot\u00e3o de Pol\u00edcia Militar de Mallet relatando que foram agredidos enquanto estavam em numa festa. A situa\u00e7\u00e3o foi registra por volta das 21h50min desse domingo (15). Os solicitantes relataram que estavam em uma festa na localidade da Col\u00f4nia Palmital, no interior da cidade e n\u00e3o souberam dizer a motiva\u00e7\u00e3o de tais [&hellip;]<\/p>\n","protected":false},"author":2,"featured_media":27596,"comment_status":"open","ping_status":"open","sticky":false,"template":"","format":"standard","meta":{"footnotes":""},"categories":[2],"tags":[172],"class_list":["post-27567","post","type-post","status-publish","format-standard","has-post-thumbnail","hentry","category-policial","tag-featured"],"amp_enabled":true,"_links":{"self":[{"href":"https:\/\/radiostudiow.com.br\/site\/wp-json\/wp\/v2\/posts\/27567","targetHints":{"allow":["GET"]}}],"collection":[{"href":"https:\/\/radiostudiow.com.br\/site\/wp-json\/wp\/v2\/posts"}],"about":[{"href":"https:\/\/radiostudiow.com.br\/site\/wp-json\/wp\/v2\/types\/post"}],"author":[{"embeddable":true,"href":"https:\/\/radiostudiow.com.br\/site\/wp-json\/wp\/v2\/users\/2"}],"replies":[{"embeddable":true,"href":"https:\/\/radiostudiow.com.br\/site\/wp-json\/wp\/v2\/comments?post=27567"}],"version-history":[{"count":4,"href":"https:\/\/radiostudiow.com.br\/site\/wp-json\/wp\/v2\/posts\/27567\/revisions"}],"predecessor-version":[{"id":27597,"href":"https:\/\/radiostudiow.com.br\/site\/wp-json\/wp\/v2\/posts\/27567\/revisions\/27597"}],"wp:featuredmedia":[{"embeddable":true,"href":"https:\/\/radiostudiow.com.br\/site\/wp-json\/wp\/v2\/media\/27596"}],"wp:attachment":[{"href":"https:\/\/radiostudiow.com.br\/site\/wp-json\/wp\/v2\/media?parent=27567"}],"wp:term":[{"taxonomy":"category","embeddable":true,"href":"https:\/\/radiostudiow.com.br\/site\/wp-json\/wp\/v2\/categories?post=27567"},{"taxonomy":"post_tag","embeddable":true,"href":"https:\/\/radiostudiow.com.br\/site\/wp-json\/wp\/v2\/tags?post=27567"}],"curies":[{"name":"wp","href":"https:\/\/api.w.org\/{rel}","templated":true}]}}