{"id":27575,"date":"2024-09-17T10:55:56","date_gmt":"2024-09-17T13:55:56","guid":{"rendered":"https:\/\/radiostudiow.com.br\/site\/?p=27575"},"modified":"2025-01-31T14:58:27","modified_gmt":"2025-01-31T17:58:27","slug":"policia-militar-de-rio-azul-prendem-motorista-por-embriaguez","status":"publish","type":"post","link":"https:\/\/radiostudiow.com.br\/site\/2024\/09\/17\/policia-militar-de-rio-azul-prendem-motorista-por-embriaguez\/","title":{"rendered":"Pol\u00edcia Militar de Rio Azul prendem motorista por embriaguez"},"content":{"rendered":"\n<p>Um motorista foi detido por embriaguez ao volante na tarde de s\u00e1bado, 14 de setembro, no bairro Cristo Rei na cidade de Rio Azul.<\/p>\n\n\n\n<p>Os policiais realizavam patrulhamento quando viram o condutor perdendo o controle da dire\u00e7\u00e3o e atingindo uma mureta de concreto, o homem n\u00e3o se feriu.<\/p>\n\n\n\n<figure class=\"wp-block-image size-full\"><img decoding=\"async\" src=\"https:\/\/radiostudiow.com.br\/site\/wp-content\/uploads\/2024\/04\/SITE-MEDIO.png\" alt=\"\" class=\"wp-image-21854\"\/><\/figure>\n\n\n\n<p>De acordo com a pol\u00edcia, o condutor apresentava sinais de embriaguez e realizou o teste do baf\u00f4metro com resultado de 0,75 mg\/l de \u00e1lcool no organismo.<\/p>\n\n\n\n<p>O motorista foi detido por embriaguez e conduzido para a Delegacia de Irati. O ve\u00edculo n\u00e3o tinha pend\u00eancias e ficou sob os cuidados de um condutor habilitado.<\/p>\n","protected":false},"excerpt":{"rendered":"<p>Um motorista foi detido por embriaguez ao volante na tarde de s\u00e1bado, 14 de setembro, no bairro Cristo Rei na cidade de Rio Azul. Os policiais realizavam patrulhamento quando viram o condutor perdendo o controle da dire\u00e7\u00e3o e atingindo uma mureta de concreto, o homem n\u00e3o se feriu. De acordo com a pol\u00edcia, o condutor [&hellip;]<\/p>\n","protected":false},"author":2,"featured_media":25552,"comment_status":"open","ping_status":"open","sticky":false,"template":"","format":"standard","meta":{"footnotes":""},"categories":[2],"tags":[172],"class_list":["post-27575","post","type-post","status-publish","format-standard","has-post-thumbnail","hentry","category-policial","tag-featured"],"amp_enabled":true,"_links":{"self":[{"href":"https:\/\/radiostudiow.com.br\/site\/wp-json\/wp\/v2\/posts\/27575","targetHints":{"allow":["GET"]}}],"collection":[{"href":"https:\/\/radiostudiow.com.br\/site\/wp-json\/wp\/v2\/posts"}],"about":[{"href":"https:\/\/radiostudiow.com.br\/site\/wp-json\/wp\/v2\/types\/post"}],"author":[{"embeddable":true,"href":"https:\/\/radiostudiow.com.br\/site\/wp-json\/wp\/v2\/users\/2"}],"replies":[{"embeddable":true,"href":"https:\/\/radiostudiow.com.br\/site\/wp-json\/wp\/v2\/comments?post=27575"}],"version-history":[{"count":2,"href":"https:\/\/radiostudiow.com.br\/site\/wp-json\/wp\/v2\/posts\/27575\/revisions"}],"predecessor-version":[{"id":27598,"href":"https:\/\/radiostudiow.com.br\/site\/wp-json\/wp\/v2\/posts\/27575\/revisions\/27598"}],"wp:featuredmedia":[{"embeddable":true,"href":"https:\/\/radiostudiow.com.br\/site\/wp-json\/wp\/v2\/media\/25552"}],"wp:attachment":[{"href":"https:\/\/radiostudiow.com.br\/site\/wp-json\/wp\/v2\/media?parent=27575"}],"wp:term":[{"taxonomy":"category","embeddable":true,"href":"https:\/\/radiostudiow.com.br\/site\/wp-json\/wp\/v2\/categories?post=27575"},{"taxonomy":"post_tag","embeddable":true,"href":"https:\/\/radiostudiow.com.br\/site\/wp-json\/wp\/v2\/tags?post=27575"}],"curies":[{"name":"wp","href":"https:\/\/api.w.org\/{rel}","templated":true}]}}