{"id":27600,"date":"2024-09-17T10:59:57","date_gmt":"2024-09-17T13:59:57","guid":{"rendered":"https:\/\/radiostudiow.com.br\/site\/?p=27600"},"modified":"2025-01-31T14:58:27","modified_gmt":"2025-01-31T17:58:27","slug":"homem-e-encontrado-morto-no-centro-de-sao-mateus-do-sul","status":"publish","type":"post","link":"https:\/\/radiostudiow.com.br\/site\/2024\/09\/17\/homem-e-encontrado-morto-no-centro-de-sao-mateus-do-sul\/","title":{"rendered":"Homem \u00e9 encontrado morto no centro de S\u00e3o Mateus do Sul"},"content":{"rendered":"\n<p>Um rapaz foi encontrado morto em uma sorveteria, na Rua Agenor Nascimento, no Centro de S\u00e3o Mateus do Sul na tarde desta segunda-feira (16). <strong>A v\u00edtima foi identificada como Andr\u00e9 Luiz Toti, e a idade ainda n\u00e3o foi divulgada. <\/strong><\/p>\n\n\n\n<figure class=\"wp-block-image size-full\"><img decoding=\"async\" src=\"https:\/\/radiostudiow.com.br\/site\/wp-content\/uploads\/2024\/04\/image-47.png\" alt=\"\" class=\"wp-image-21404\"\/><\/figure>\n\n\n\n<p>De acordo com informa\u00e7\u00f5es do Corpo de Bombeiros juntamente com a Pol\u00edcia Militar, foram acionados por volta de 16 horas para atender a ocorr\u00eancia. Ao chegarem no local, o jovem foi encontrado sem vida.<\/p>\n\n\n\n<p>O corpo foi recolhido ao Instituto M\u00e9dico Legal (IML) de Uni\u00e3o da Vit\u00f3ria, e ap\u00f3s liberado, ser\u00e1 trasladado para S\u00e3o Mateus do Sul. Em breve mais informa\u00e7\u00f5es sobre o local de vel\u00f3rio e sepultamento.<\/p>\n\n\n\n<figure class=\"wp-block-image size-large\"><img loading=\"lazy\" decoding=\"async\" width=\"1024\" height=\"642\" src=\"https:\/\/radiostudiow.com.br\/site\/wp-content\/uploads\/2024\/09\/banner_set_amarelo_suicidio_set2020-1024x642.png\" alt=\"\" class=\"wp-image-27616\" srcset=\"https:\/\/radiostudiow.com.br\/site\/wp-content\/uploads\/2024\/09\/banner_set_amarelo_suicidio_set2020-1024x642.png 1024w, https:\/\/radiostudiow.com.br\/site\/wp-content\/uploads\/2024\/09\/banner_set_amarelo_suicidio_set2020-300x188.png 300w, https:\/\/radiostudiow.com.br\/site\/wp-content\/uploads\/2024\/09\/banner_set_amarelo_suicidio_set2020-768x482.png 768w, https:\/\/radiostudiow.com.br\/site\/wp-content\/uploads\/2024\/09\/banner_set_amarelo_suicidio_set2020-1536x963.png 1536w, https:\/\/radiostudiow.com.br\/site\/wp-content\/uploads\/2024\/09\/banner_set_amarelo_suicidio_set2020.png 1722w\" sizes=\"auto, (max-width: 1024px) 100vw, 1024px\" \/><\/figure>\n","protected":false},"excerpt":{"rendered":"<p>Um rapaz foi encontrado morto em uma sorveteria, na Rua Agenor Nascimento, no Centro de S\u00e3o Mateus do Sul na tarde desta segunda-feira (16). A v\u00edtima foi identificada como Andr\u00e9 Luiz Toti, e a idade ainda n\u00e3o foi divulgada. De acordo com informa\u00e7\u00f5es do Corpo de Bombeiros juntamente com a Pol\u00edcia Militar, foram acionados por [&hellip;]<\/p>\n","protected":false},"author":2,"featured_media":27601,"comment_status":"open","ping_status":"open","sticky":false,"template":"","format":"standard","meta":{"footnotes":""},"categories":[2],"tags":[172],"class_list":["post-27600","post","type-post","status-publish","format-standard","has-post-thumbnail","hentry","category-policial","tag-featured"],"amp_enabled":true,"_links":{"self":[{"href":"https:\/\/radiostudiow.com.br\/site\/wp-json\/wp\/v2\/posts\/27600","targetHints":{"allow":["GET"]}}],"collection":[{"href":"https:\/\/radiostudiow.com.br\/site\/wp-json\/wp\/v2\/posts"}],"about":[{"href":"https:\/\/radiostudiow.com.br\/site\/wp-json\/wp\/v2\/types\/post"}],"author":[{"embeddable":true,"href":"https:\/\/radiostudiow.com.br\/site\/wp-json\/wp\/v2\/users\/2"}],"replies":[{"embeddable":true,"href":"https:\/\/radiostudiow.com.br\/site\/wp-json\/wp\/v2\/comments?post=27600"}],"version-history":[{"count":2,"href":"https:\/\/radiostudiow.com.br\/site\/wp-json\/wp\/v2\/posts\/27600\/revisions"}],"predecessor-version":[{"id":27617,"href":"https:\/\/radiostudiow.com.br\/site\/wp-json\/wp\/v2\/posts\/27600\/revisions\/27617"}],"wp:featuredmedia":[{"embeddable":true,"href":"https:\/\/radiostudiow.com.br\/site\/wp-json\/wp\/v2\/media\/27601"}],"wp:attachment":[{"href":"https:\/\/radiostudiow.com.br\/site\/wp-json\/wp\/v2\/media?parent=27600"}],"wp:term":[{"taxonomy":"category","embeddable":true,"href":"https:\/\/radiostudiow.com.br\/site\/wp-json\/wp\/v2\/categories?post=27600"},{"taxonomy":"post_tag","embeddable":true,"href":"https:\/\/radiostudiow.com.br\/site\/wp-json\/wp\/v2\/tags?post=27600"}],"curies":[{"name":"wp","href":"https:\/\/api.w.org\/{rel}","templated":true}]}}