{"id":27603,"date":"2024-09-17T11:04:47","date_gmt":"2024-09-17T14:04:47","guid":{"rendered":"https:\/\/radiostudiow.com.br\/site\/?p=27603"},"modified":"2025-01-31T14:58:26","modified_gmt":"2025-01-31T17:58:26","slug":"fazenda-lanca-boletim-com-analise-sobre-como-cenario-economico-reflete-no-parana","status":"publish","type":"post","link":"https:\/\/radiostudiow.com.br\/site\/2024\/09\/17\/fazenda-lanca-boletim-com-analise-sobre-como-cenario-economico-reflete-no-parana\/","title":{"rendered":"Fazenda lan\u00e7a boletim com an\u00e1lise sobre como cen\u00e1rio econ\u00f4mico reflete no Paran\u00e1"},"content":{"rendered":"\n<p>O paranaense ganha uma ferramenta a mais para acompanhar e entender o cen\u00e1rio econ\u00f4mico regional, nacional e at\u00e9 internacional. A Secretaria de Estado da Fazenda (Sefa) passa a publicar boletins quinzenais com dados e an\u00e1lises em uma iniciativa para apresentar \u00e0 popula\u00e7\u00e3o os rumos, oportunidades e tamb\u00e9m os desafios que o Paran\u00e1 tem pela frente.<\/p>\n\n\n\n<figure class=\"wp-block-image size-full\"><img loading=\"lazy\" decoding=\"async\" width=\"598\" height=\"204\" src=\"https:\/\/radiostudiow.com.br\/site\/wp-content\/uploads\/2024\/09\/AFUBRA.png\" alt=\"\" class=\"wp-image-27135\" srcset=\"https:\/\/radiostudiow.com.br\/site\/wp-content\/uploads\/2024\/09\/AFUBRA.png 598w, https:\/\/radiostudiow.com.br\/site\/wp-content\/uploads\/2024\/09\/AFUBRA-300x102.png 300w\" sizes=\"auto, (max-width: 598px) 100vw, 598px\" \/><\/figure>\n\n\n\n<p>O\u00a0<a href=\"https:\/\/www.fazenda.pr.gov.br\/sites\/default\/arquivos_restritos\/files\/documento\/2024-09\/economia_em_dia_19_final.pdf\" target=\"_blank\" rel=\"noreferrer noopener\">Economia em Dia<\/a>\u00a0\u00e9 produzido pela Assessoria T\u00e9cnica de Economia da Sefa e ser\u00e1 publicado a cada 15 dias no<a href=\"https:\/\/www.fazenda.pr.gov.br\/sites\/default\/arquivos_restritos\/files\/documento\/2024-09\/economia_em_dia_19_final.pdf\" target=\"_blank\" rel=\"noreferrer noopener\">\u00a0site da secretaria<\/a>. As edi\u00e7\u00f5es ser\u00e3o assinadas por um dos especialistas do setor. Os profissionais v\u00e3o se debru\u00e7ar sobre n\u00fameros e fatos que impactam a economia do Estado, do Brasil e at\u00e9 de outros pa\u00edses \u2014 tudo para mostrar como esses eventos se relacionam, ajudando a popula\u00e7\u00e3o a entender o atual momento e o que deve vir em seguida.<\/p>\n\n\n\n<p><strong><em>\u201cO objetivo \u00e9 fornecer um resumo anal\u00edtico das not\u00edcias mais recentes, al\u00e9m de apresentar an\u00e1lises sobre a economia paranaense\u201d<\/em><\/strong>, explica Juliano Farias, um dos assessores t\u00e9cnicos respons\u00e1veis pelo boletim. Ele assina a primeira edi\u00e7\u00e3o e explica a import\u00e2ncia da iniciativa. <em><strong>\u201cEsse monitoramento \u00e9 fundamental para compreender os riscos e oportunidades associados \u00e0s din\u00e2micas da economia global, nacional e regional, ajudando a orientar a pol\u00edtica fiscal do Estado diante desses fatores\u201d.<\/strong><\/em><\/p>\n\n\n\n<p>De acordo com o secret\u00e1rio da Fazenda, Norberto Ortigara, o lan\u00e7amento do Economia em Dia mostra que o papel da pasta vai muito al\u00e9m de ser a \u201cchave do cofre\u201d do Governo, mas tamb\u00e9m aprresentar o que o Paran\u00e1 tem pela frente.<\/p>\n\n\n\n<p><em><strong>\u201cAl\u00e9m de todo o trabalho eficiente que j\u00e1 \u00e9 realizado dentro da Secretaria, h\u00e1 tamb\u00e9m equipes altamente competentes analisando cen\u00e1rios, not\u00edcias e indicadores para nos ajudar a tomar as melhores decis\u00f5es no cen\u00e1rio econ\u00f4mico\u201d, <\/strong><\/em>diz. <em><strong>\u201cE, com o boletim, queremos que a popula\u00e7\u00e3o tamb\u00e9m tenha acesso a esses relat\u00f3rios e entenda o caminho que estamos trilhando\u201d.<\/strong><\/em><\/p>\n\n\n\n<figure class=\"wp-block-image size-full\"><img loading=\"lazy\" decoding=\"async\" width=\"897\" height=\"204\" src=\"https:\/\/radiostudiow.com.br\/site\/wp-content\/uploads\/2024\/08\/TIJOLAO.png\" alt=\"\" class=\"wp-image-25951\" srcset=\"https:\/\/radiostudiow.com.br\/site\/wp-content\/uploads\/2024\/08\/TIJOLAO.png 897w, https:\/\/radiostudiow.com.br\/site\/wp-content\/uploads\/2024\/08\/TIJOLAO-300x68.png 300w, https:\/\/radiostudiow.com.br\/site\/wp-content\/uploads\/2024\/08\/TIJOLAO-768x175.png 768w\" sizes=\"auto, (max-width: 897px) 100vw, 897px\" \/><\/figure>\n\n\n\n<p><strong>ATIVIDADE ECON\u00d4MICA<\/strong>&nbsp;\u2013 Na primeira edi\u00e7\u00e3o do boletim, h\u00e1 uma an\u00e1lise da atividade econ\u00f4mica do Paran\u00e1 e como a estiagem que assola o Estado e o pa\u00eds impacta o paranaense, da mesma forma como decis\u00f5es tomadas pelos \u00f3rg\u00e3os econ\u00f4micos dos Estados Unidos tamb\u00e9m refletem por aqui.<\/p>\n\n\n\n<p>Entre os dados discutidos est\u00e1, por exemplo, o crescimento de 4,3% no com\u00e9rcio e de 4% nos servi\u00e7os que serviu como contraponto aos resultados abaixo do esperado da agricultura (-13,4%) e ind\u00fastria (1,3%) no primeiro semestre de 2024. Assim, o relat\u00f3rio aponta como os setores mais ligados ao consumo ajudaram a frear a retra\u00e7\u00e3o de 1,4% no \u00cdndice de Atividade Econ\u00f4mica Regional do Paran\u00e1 (IBCR-Pr) em compara\u00e7\u00e3o ao mesmo per\u00edodo do ano passado.<\/p>\n\n\n\n<p>Ao mesmo tempo, o Economia em Dia traz algumas proje\u00e7\u00f5es do que podemos esperar para os pr\u00f3ximos meses. Tanto que o texto assinado por Farias destaca justamente como a melhora do mercado de trabalho deve sustentar o consumo e conduzir os \u00edndices de atividade econ\u00f4mica a patamares mais positivos at\u00e9 o fim de 2024.<\/p>\n\n\n\n<p><strong>COMO ACESSAR&nbsp;<\/strong>\u2013 O Economia em Dia pode ser acessado diretamente pelo&nbsp;<strong><a href=\"https:\/\/www.fazenda.pr.gov.br\/Pagina\/Assessoria-Economica\" target=\"_blank\" rel=\"noreferrer noopener\">site da Secretaria da Fazenda<\/a><\/strong>&nbsp;a partir do menu &nbsp;Macroa\u00e7\u00f5es, na op\u00e7\u00e3o Assessoria Econ\u00f4mica.<\/p>\n","protected":false},"excerpt":{"rendered":"<p>O paranaense ganha uma ferramenta a mais para acompanhar e entender o cen\u00e1rio econ\u00f4mico regional, nacional e at\u00e9 internacional. A Secretaria de Estado da Fazenda (Sefa) passa a publicar boletins quinzenais com dados e an\u00e1lises em uma iniciativa para apresentar \u00e0 popula\u00e7\u00e3o os rumos, oportunidades e tamb\u00e9m os desafios que o Paran\u00e1 tem pela frente. [&hellip;]<\/p>\n","protected":false},"author":2,"featured_media":27604,"comment_status":"open","ping_status":"open","sticky":false,"template":"","format":"standard","meta":{"footnotes":""},"categories":[7],"tags":[172],"class_list":["post-27603","post","type-post","status-publish","format-standard","has-post-thumbnail","hentry","category-geral","tag-featured"],"amp_enabled":true,"_links":{"self":[{"href":"https:\/\/radiostudiow.com.br\/site\/wp-json\/wp\/v2\/posts\/27603","targetHints":{"allow":["GET"]}}],"collection":[{"href":"https:\/\/radiostudiow.com.br\/site\/wp-json\/wp\/v2\/posts"}],"about":[{"href":"https:\/\/radiostudiow.com.br\/site\/wp-json\/wp\/v2\/types\/post"}],"author":[{"embeddable":true,"href":"https:\/\/radiostudiow.com.br\/site\/wp-json\/wp\/v2\/users\/2"}],"replies":[{"embeddable":true,"href":"https:\/\/radiostudiow.com.br\/site\/wp-json\/wp\/v2\/comments?post=27603"}],"version-history":[{"count":1,"href":"https:\/\/radiostudiow.com.br\/site\/wp-json\/wp\/v2\/posts\/27603\/revisions"}],"predecessor-version":[{"id":27605,"href":"https:\/\/radiostudiow.com.br\/site\/wp-json\/wp\/v2\/posts\/27603\/revisions\/27605"}],"wp:featuredmedia":[{"embeddable":true,"href":"https:\/\/radiostudiow.com.br\/site\/wp-json\/wp\/v2\/media\/27604"}],"wp:attachment":[{"href":"https:\/\/radiostudiow.com.br\/site\/wp-json\/wp\/v2\/media?parent=27603"}],"wp:term":[{"taxonomy":"category","embeddable":true,"href":"https:\/\/radiostudiow.com.br\/site\/wp-json\/wp\/v2\/categories?post=27603"},{"taxonomy":"post_tag","embeddable":true,"href":"https:\/\/radiostudiow.com.br\/site\/wp-json\/wp\/v2\/tags?post=27603"}],"curies":[{"name":"wp","href":"https:\/\/api.w.org\/{rel}","templated":true}]}}