{"id":27606,"date":"2024-09-17T11:14:08","date_gmt":"2024-09-17T14:14:08","guid":{"rendered":"https:\/\/radiostudiow.com.br\/site\/?p=27606"},"modified":"2025-01-31T14:58:26","modified_gmt":"2025-01-31T17:58:26","slug":"pm-natural-de-cruz-machado-salva-crianca-em-jaragua-do-sul","status":"publish","type":"post","link":"https:\/\/radiostudiow.com.br\/site\/2024\/09\/17\/pm-natural-de-cruz-machado-salva-crianca-em-jaragua-do-sul\/","title":{"rendered":"PM natural de Cruz Machado, salva crian\u00e7a em Jaragu\u00e1 do Sul"},"content":{"rendered":"\n<p>Na \u00faltima sexta-feira, 13 de setembro, um policial militar de folga salvou a vida de um beb\u00ea de um ano e nove meses em Jaragu\u00e1 do Sul. O cabo Daniel Guth Alvarez estava em casa com sua filha de tr\u00eas meses quando ouviu os gritos desesperados de sua vizinha, que segurava o pequeno Matias, desacordado e convulsionando.<\/p>\n\n\n\n<figure class=\"wp-block-image size-full\"><img loading=\"lazy\" decoding=\"async\" width=\"598\" height=\"204\" src=\"https:\/\/radiostudiow.com.br\/site\/wp-content\/uploads\/2024\/04\/image-29.png\" alt=\"\" class=\"wp-image-21283\" srcset=\"https:\/\/radiostudiow.com.br\/site\/wp-content\/uploads\/2024\/04\/image-29.png 598w, https:\/\/radiostudiow.com.br\/site\/wp-content\/uploads\/2024\/04\/image-29-300x102.png 300w\" sizes=\"auto, (max-width: 598px) 100vw, 598px\" \/><\/figure>\n\n\n\n<p>Em relato, o cabo Daniel contou que, naquele dia, estava prestes a sair para resolver assuntos pessoais, mas decidiu ficar em casa para cuidar de sua filha a pedido de sua esposa. Pouco depois, ouviu os gritos vindos da casa da vizinha, e, sem conseguir entender o que havia acontecido de imediato, o policial foi surpreendido ao receber o beb\u00ea por cima do muro, entregue pela m\u00e3e em p\u00e2nico.<\/p>\n\n\n\n<p>Guth iniciou imediatamente os procedimentos de desobstru\u00e7\u00e3o das vias a\u00e9reas do beb\u00ea, que aparentava estar sufocado, possivelmente devido a um epis\u00f3dio de afogamento com leite.\u00a0Apesar das manobras iniciais, Matias n\u00e3o reagia e come\u00e7ou a convulsionar. O beb\u00ea tamb\u00e9m apresentava febre alta, causada pelo nascimento de dentes.<\/p>\n\n\n\n<figure class=\"wp-block-video\"><video controls src=\"https:\/\/radiostudiow.com.br\/site\/wp-content\/uploads\/2024\/09\/WhatsApp-Video-2024-09-16-at-16.46.05.mp4\"><\/video><\/figure>\n\n\n\n<p>Ap\u00f3s minutos de intensa tentativa de reanima\u00e7\u00e3o, Matias come\u00e7ou a mostrar sinais de melhora.\u00a0A m\u00e3e, ainda muito abalada, acionou o Corpo de Bombeiros, mas foi o pai, que estava trabalhando, quem chegou primeiro e levou o filho ao hospital.<\/p>\n\n\n\n<p>Gra\u00e7as \u00e0 r\u00e1pida e precisa interven\u00e7\u00e3o do cabo Guth, Matias foi atendido no hospital sem apresentar sequelas.\u00a0Os exames realizados indicaram que a convuls\u00e3o foi provocada pela febre alta, e o beb\u00ea agora est\u00e1 fora de perigo.<\/p>\n\n\n\n<p>Daniel Guth destacou a import\u00e2ncia do treinamento recebido na Pol\u00edcia Militar para situa\u00e7\u00f5es de resgate e primeiros socorros, e expressou sua gratid\u00e3o por ter conseguido manter a calma em um momento t\u00e3o cr\u00edtico.<\/p>\n\n\n\n<div class=\"wp-block-media-text is-stacked-on-mobile\"><figure class=\"wp-block-media-text__media\"><img loading=\"lazy\" decoding=\"async\" width=\"480\" height=\"600\" src=\"https:\/\/radiostudiow.com.br\/site\/wp-content\/uploads\/2024\/09\/04-2.png\" alt=\"\" class=\"wp-image-27608 size-full\" srcset=\"https:\/\/radiostudiow.com.br\/site\/wp-content\/uploads\/2024\/09\/04-2.png 480w, https:\/\/radiostudiow.com.br\/site\/wp-content\/uploads\/2024\/09\/04-2-240x300.png 240w\" sizes=\"auto, (max-width: 480px) 100vw, 480px\" \/><\/figure><div class=\"wp-block-media-text__content\">\n<p>Daniel \u00e9 natural de Cruz Machado, e morou p<em>or muito tempo em Uni\u00e3o da Vit\u00f3ria, de onde saiu em 2008 para ingressar na Pol\u00edcia Militar. Ele est\u00e1 na corpora\u00e7\u00e3o h\u00e1 17 anos.<\/em><\/p>\n<\/div><\/div>\n\n\n\n<blockquote class=\"wp-block-quote is-layout-flow wp-block-quote-is-layout-flow\">\n<p><strong><em>\u201cFico feliz de poder aplicar o que aprendi e ajudar o pequeno Matias. Tenho muita f\u00e9 em Deus, e acredito que tudo aconteceu como deveria naquele dia. Deus proporcionou que eu n\u00e3o sa\u00edsse, que minha mulher sa\u00edsse, fosse com o carro, eu ficasse em casa, e conseguisse rapidamente ali ajudar o pequeno Matias\u201d, disse o cabo emocionado.<\/em><\/strong><\/p>\n<\/blockquote>\n\n\n\n<p><em>A atitude do policial foi amplamente elogiada por colegas de trabalho e pela comunidade, que reconheceu a import\u00e2ncia de sua a\u00e7\u00e3o r\u00e1pida e eficaz.<\/em><\/p>\n","protected":false},"excerpt":{"rendered":"<p>Na \u00faltima sexta-feira, 13 de setembro, um policial militar de folga salvou a vida de um beb\u00ea de um ano e nove meses em Jaragu\u00e1 do Sul. O cabo Daniel Guth Alvarez estava em casa com sua filha de tr\u00eas meses quando ouviu os gritos desesperados de sua vizinha, que segurava o pequeno Matias, desacordado [&hellip;]<\/p>\n","protected":false},"author":2,"featured_media":27609,"comment_status":"open","ping_status":"open","sticky":false,"template":"","format":"standard","meta":{"footnotes":""},"categories":[185],"tags":[172],"class_list":["post-27606","post","type-post","status-publish","format-standard","has-post-thumbnail","hentry","category-regional","tag-featured"],"amp_enabled":true,"_links":{"self":[{"href":"https:\/\/radiostudiow.com.br\/site\/wp-json\/wp\/v2\/posts\/27606","targetHints":{"allow":["GET"]}}],"collection":[{"href":"https:\/\/radiostudiow.com.br\/site\/wp-json\/wp\/v2\/posts"}],"about":[{"href":"https:\/\/radiostudiow.com.br\/site\/wp-json\/wp\/v2\/types\/post"}],"author":[{"embeddable":true,"href":"https:\/\/radiostudiow.com.br\/site\/wp-json\/wp\/v2\/users\/2"}],"replies":[{"embeddable":true,"href":"https:\/\/radiostudiow.com.br\/site\/wp-json\/wp\/v2\/comments?post=27606"}],"version-history":[{"count":1,"href":"https:\/\/radiostudiow.com.br\/site\/wp-json\/wp\/v2\/posts\/27606\/revisions"}],"predecessor-version":[{"id":27610,"href":"https:\/\/radiostudiow.com.br\/site\/wp-json\/wp\/v2\/posts\/27606\/revisions\/27610"}],"wp:featuredmedia":[{"embeddable":true,"href":"https:\/\/radiostudiow.com.br\/site\/wp-json\/wp\/v2\/media\/27609"}],"wp:attachment":[{"href":"https:\/\/radiostudiow.com.br\/site\/wp-json\/wp\/v2\/media?parent=27606"}],"wp:term":[{"taxonomy":"category","embeddable":true,"href":"https:\/\/radiostudiow.com.br\/site\/wp-json\/wp\/v2\/categories?post=27606"},{"taxonomy":"post_tag","embeddable":true,"href":"https:\/\/radiostudiow.com.br\/site\/wp-json\/wp\/v2\/tags?post=27606"}],"curies":[{"name":"wp","href":"https:\/\/api.w.org\/{rel}","templated":true}]}}