{"id":27620,"date":"2024-09-18T09:57:37","date_gmt":"2024-09-18T12:57:37","guid":{"rendered":"https:\/\/radiostudiow.com.br\/site\/?p=27620"},"modified":"2025-01-31T14:58:26","modified_gmt":"2025-01-31T17:58:26","slug":"crianca-de-10-anos-falece-em-reboucas","status":"publish","type":"post","link":"https:\/\/radiostudiow.com.br\/site\/2024\/09\/18\/crianca-de-10-anos-falece-em-reboucas\/","title":{"rendered":"Crian\u00e7a de 10 anos falece em Rebou\u00e7as"},"content":{"rendered":"\n<p>A equipe da Pol\u00edcia Militar foi acionada para verificar a situa\u00e7\u00e3o de uma crian\u00e7a de 10 anos, no Hospital de Caridade Dona Darcy Vargas, em Rebou\u00e7as, que entrou em \u00f3bito por volta das 14:20 horas da segunda-feira (16).<\/p>\n\n\n\n<figure class=\"wp-block-image size-full\"><img loading=\"lazy\" decoding=\"async\" width=\"598\" height=\"204\" src=\"https:\/\/radiostudiow.com.br\/site\/wp-content\/uploads\/2024\/09\/AFUBRA.png\" alt=\"\" class=\"wp-image-27135\" srcset=\"https:\/\/radiostudiow.com.br\/site\/wp-content\/uploads\/2024\/09\/AFUBRA.png 598w, https:\/\/radiostudiow.com.br\/site\/wp-content\/uploads\/2024\/09\/AFUBRA-300x102.png 300w\" sizes=\"auto, (max-width: 598px) 100vw, 598px\" \/><\/figure>\n\n\n\n<p>No local, em contato com funcion\u00e1ria da escola onde a crian\u00e7a estudava, foi relatado que a estudante passou mal, apresentando v\u00f4mito, fortes dores de cabe\u00e7a e dor na regi\u00e3o abdominal.<\/p>\n\n\n\n<p>A funcion\u00e1ria relata que imediatamente acionaram a ambul\u00e2ncia, onde foi encaminhada a crian\u00e7a at\u00e9 o hospital Dona Darcy Vargas, onde o m\u00e9dico plantonista constatou o \u00f3bito da crian\u00e7a, por\u00e9m n\u00e3o sendo poss\u00edvel informar as causas.<\/p>\n\n\n\n<p>Alyce era descrita como uma menina alegre e carinhosa, e sua morte deixou um vazio na escola e na comunidade. Amigos, professores e familiares est\u00e3o profundamente abalados.<\/p>\n\n\n\n<figure class=\"wp-block-image size-full is-resized\"><img loading=\"lazy\" decoding=\"async\" width=\"900\" height=\"408\" src=\"https:\/\/radiostudiow.com.br\/site\/wp-content\/uploads\/2024\/08\/image-64.png\" alt=\"\" class=\"wp-image-26531\" style=\"width:627px;height:auto\" srcset=\"https:\/\/radiostudiow.com.br\/site\/wp-content\/uploads\/2024\/08\/image-64.png 900w, https:\/\/radiostudiow.com.br\/site\/wp-content\/uploads\/2024\/08\/image-64-300x136.png 300w, https:\/\/radiostudiow.com.br\/site\/wp-content\/uploads\/2024\/08\/image-64-768x348.png 768w\" sizes=\"auto, (max-width: 900px) 100vw, 900px\" \/><\/figure>\n\n\n\n<p>A escola, que suspendeu as atividades para prestar homenagem \u00e0 aluna, realiza uma corrente de apoio \u00e0 fam\u00edlia enlutada, em busca de for\u00e7as para enfrentar essa perda irrepar\u00e1vel.<\/p>\n\n\n\n<p>Foi acionada a Pol\u00edcia C\u00edvil de Rebou\u00e7as e na sequ\u00eancia o IML. O Corpo foi encaminhado para IML de Uni\u00e3o da Vit\u00f3ria. Elaborado o boletim de ocorr\u00eancia para os devidos fins.<\/p>\n","protected":false},"excerpt":{"rendered":"<p>A equipe da Pol\u00edcia Militar foi acionada para verificar a situa\u00e7\u00e3o de uma crian\u00e7a de 10 anos, no Hospital de Caridade Dona Darcy Vargas, em Rebou\u00e7as, que entrou em \u00f3bito por volta das 14:20 horas da segunda-feira (16). No local, em contato com funcion\u00e1ria da escola onde a crian\u00e7a estudava, foi relatado que a estudante [&hellip;]<\/p>\n","protected":false},"author":2,"featured_media":27621,"comment_status":"open","ping_status":"open","sticky":false,"template":"","format":"standard","meta":{"footnotes":""},"categories":[185],"tags":[172],"class_list":["post-27620","post","type-post","status-publish","format-standard","has-post-thumbnail","hentry","category-regional","tag-featured"],"amp_enabled":true,"_links":{"self":[{"href":"https:\/\/radiostudiow.com.br\/site\/wp-json\/wp\/v2\/posts\/27620","targetHints":{"allow":["GET"]}}],"collection":[{"href":"https:\/\/radiostudiow.com.br\/site\/wp-json\/wp\/v2\/posts"}],"about":[{"href":"https:\/\/radiostudiow.com.br\/site\/wp-json\/wp\/v2\/types\/post"}],"author":[{"embeddable":true,"href":"https:\/\/radiostudiow.com.br\/site\/wp-json\/wp\/v2\/users\/2"}],"replies":[{"embeddable":true,"href":"https:\/\/radiostudiow.com.br\/site\/wp-json\/wp\/v2\/comments?post=27620"}],"version-history":[{"count":3,"href":"https:\/\/radiostudiow.com.br\/site\/wp-json\/wp\/v2\/posts\/27620\/revisions"}],"predecessor-version":[{"id":27666,"href":"https:\/\/radiostudiow.com.br\/site\/wp-json\/wp\/v2\/posts\/27620\/revisions\/27666"}],"wp:featuredmedia":[{"embeddable":true,"href":"https:\/\/radiostudiow.com.br\/site\/wp-json\/wp\/v2\/media\/27621"}],"wp:attachment":[{"href":"https:\/\/radiostudiow.com.br\/site\/wp-json\/wp\/v2\/media?parent=27620"}],"wp:term":[{"taxonomy":"category","embeddable":true,"href":"https:\/\/radiostudiow.com.br\/site\/wp-json\/wp\/v2\/categories?post=27620"},{"taxonomy":"post_tag","embeddable":true,"href":"https:\/\/radiostudiow.com.br\/site\/wp-json\/wp\/v2\/tags?post=27620"}],"curies":[{"name":"wp","href":"https:\/\/api.w.org\/{rel}","templated":true}]}}