{"id":27625,"date":"2024-09-17T18:18:06","date_gmt":"2024-09-17T21:18:06","guid":{"rendered":"https:\/\/radiostudiow.com.br\/site\/?p=27625"},"modified":"2025-01-31T14:58:26","modified_gmt":"2025-01-31T17:58:26","slug":"caixa-comeca-a-pagar-bolsa-familia-de-setembro","status":"publish","type":"post","link":"https:\/\/radiostudiow.com.br\/site\/2024\/09\/17\/caixa-comeca-a-pagar-bolsa-familia-de-setembro\/","title":{"rendered":"Caixa come\u00e7a a pagar Bolsa Fam\u00edlia de setembro"},"content":{"rendered":"\n<p>A Caixa Econ\u00f4mica Federal come\u00e7a a pagar a parcela de setembro do novo Bolsa Fam\u00edlia. Recebem nesta ter\u00e7a-feira (17) os benefici\u00e1rios com N\u00famero de Inscri\u00e7\u00e3o Social (NIS) de final 1.<img decoding=\"async\" src=\"https:\/\/agenciabrasil.ebc.com.br\/ebc.png?id=1612460&amp;o=node\"><img decoding=\"async\" src=\"https:\/\/agenciabrasil.ebc.com.br\/ebc.gif?id=1612460&amp;o=node\"><\/p>\n\n\n\n<p>Os benefici\u00e1rios do Rio Grande do Sul recebem o pagamento hoje, independentemente do NIS. O pagamento unificado beneficiar\u00e1 cerca de 620 mil moradores do estado. Moradores de munic\u00edpios em situa\u00e7\u00e3o de emerg\u00eancia ou estado de calamidade p\u00fablica em outros estados tamb\u00e9m receber\u00e3o o Bolsa Fam\u00edlia nesta ter\u00e7a, independentemente do NIS.<\/p>\n\n\n\n<figure class=\"wp-block-image size-full is-resized\"><img loading=\"lazy\" decoding=\"async\" width=\"900\" height=\"408\" src=\"https:\/\/radiostudiow.com.br\/site\/wp-content\/uploads\/2024\/08\/image-64.png\" alt=\"\" class=\"wp-image-26531\" style=\"width:674px;height:auto\" srcset=\"https:\/\/radiostudiow.com.br\/site\/wp-content\/uploads\/2024\/08\/image-64.png 900w, https:\/\/radiostudiow.com.br\/site\/wp-content\/uploads\/2024\/08\/image-64-300x136.png 300w, https:\/\/radiostudiow.com.br\/site\/wp-content\/uploads\/2024\/08\/image-64-768x348.png 768w\" sizes=\"auto, (max-width: 900px) 100vw, 900px\" \/><\/figure>\n\n\n\n<p>O valor m\u00ednimo corresponde a R$ 600. Al\u00e9m do benef\u00edcio m\u00ednimo, h\u00e1 o pagamento de tr\u00eas adicionais. O Benef\u00edcio Vari\u00e1vel Familiar Nutriz paga seis parcelas de R$ 50 a m\u00e3es de beb\u00eas de at\u00e9 seis meses de idade, para garantir a alimenta\u00e7\u00e3o da crian\u00e7a. O Bolsa Fam\u00edlia tamb\u00e9m paga um acr\u00e9scimo de R$ 50 a fam\u00edlias com gestantes e filhos de 7 a 18 anos e outro, de R$ 150, a fam\u00edlias com crian\u00e7as de at\u00e9 6 anos.<\/p>\n\n\n\n<p>No modelo tradicional do Bolsa Fam\u00edlia, o pagamento ocorre nos \u00faltimos dez dias \u00fateis de cada m\u00eas. O benefici\u00e1rio poder\u00e1 consultar informa\u00e7\u00f5es sobre as datas de pagamento, o valor do benef\u00edcio e a composi\u00e7\u00e3o das parcelas no aplicativo Caixa Tem, usado para acompanhar as contas poupan\u00e7a digitais do banco.<\/p>\n\n\n\n<p>Al\u00e9m do benef\u00edcio integral, cerca de 2,6 milh\u00f5es de fam\u00edlias est\u00e3o na regra de prote\u00e7\u00e3o em setembro. Em vigor desde setembro do ano passado, essa regra permite que fam\u00edlias cujos membros consigam emprego e melhorem a renda recebam 50% do benef\u00edcio a que teriam direito por at\u00e9 dois anos, desde que cada integrante receba o equivalente a at\u00e9 meio sal\u00e1rio m\u00ednimo.<\/p>\n\n\n\n<p>A partir deste ano, os benefici\u00e1rios do Bolsa Fam\u00edlia n\u00e3o t\u00eam mais o desconto do Seguro Defeso. A mudan\u00e7a foi estabelecida pela&nbsp;<a href=\"https:\/\/www.planalto.gov.br\/ccivil_03\/_ato2023-2026\/2023\/lei\/l14601.htm\" target=\"_blank\" rel=\"noreferrer noopener\">Lei 14.601\/2023<\/a>, que resgatou o Programa Bolsa Fam\u00edlia. O Seguro Defeso \u00e9 pago a pessoas que sobrevivem exclusivamente da pesca artesanal e que n\u00e3o podem exercer a atividade durante o per\u00edodo da piracema (reprodu\u00e7\u00e3o dos peixes).<\/p>\n\n\n\n<figure class=\"wp-block-image size-large\"><img loading=\"lazy\" decoding=\"async\" width=\"674\" height=\"1024\" src=\"https:\/\/radiostudiow.com.br\/site\/wp-content\/uploads\/2024\/09\/02-3-674x1024.jpeg\" alt=\"\" class=\"wp-image-27626\" srcset=\"https:\/\/radiostudiow.com.br\/site\/wp-content\/uploads\/2024\/09\/02-3-674x1024.jpeg 674w, https:\/\/radiostudiow.com.br\/site\/wp-content\/uploads\/2024\/09\/02-3-197x300.jpeg 197w, https:\/\/radiostudiow.com.br\/site\/wp-content\/uploads\/2024\/09\/02-3.jpeg 754w\" sizes=\"auto, (max-width: 674px) 100vw, 674px\" \/><figcaption class=\"wp-element-caption\"><em>Calend\u00e1rio Bolsa Fam\u00edlia \u2013 Setembro 2024 \u2013\u00a0Arte Ag\u00eancia Brasil<\/em><\/figcaption><\/figure>\n\n\n\n<h2 class=\"wp-block-heading\">Aux\u00edlio G\u00e1s<\/h2>\n\n\n\n<p>Neste m\u00eas n\u00e3o haver\u00e1 o pagamento do Aux\u00edlio G\u00e1s, que beneficia fam\u00edlias inscritas&nbsp;no Cad\u00danico. Como o benef\u00edcio s\u00f3 \u00e9 concedido&nbsp;a cada dois meses, o pagamento voltar\u00e1 em outubro.<\/p>\n\n\n\n<p>S\u00f3 pode receber o Aux\u00edlio G\u00e1s quem est\u00e1 inclu\u00eddo no Cad\u00danico e tenha pelo menos um membro da fam\u00edlia que receba o Benef\u00edcio de Presta\u00e7\u00e3o Continuada (BPC). A lei que criou o programa definiu que a mulher respons\u00e1vel pela fam\u00edlia ter\u00e1 prefer\u00eancia, assim como mulheres v\u00edtimas de viol\u00eancia dom\u00e9stica.<\/p>\n","protected":false},"excerpt":{"rendered":"<p>A Caixa Econ\u00f4mica Federal come\u00e7a a pagar a parcela de setembro do novo Bolsa Fam\u00edlia. Recebem nesta ter\u00e7a-feira (17) os benefici\u00e1rios com N\u00famero de Inscri\u00e7\u00e3o Social (NIS) de final 1. Os benefici\u00e1rios do Rio Grande do Sul recebem o pagamento hoje, independentemente do NIS. O pagamento unificado beneficiar\u00e1 cerca de 620 mil moradores do estado. [&hellip;]<\/p>\n","protected":false},"author":2,"featured_media":27628,"comment_status":"open","ping_status":"open","sticky":false,"template":"","format":"standard","meta":{"footnotes":""},"categories":[7],"tags":[172],"class_list":["post-27625","post","type-post","status-publish","format-standard","has-post-thumbnail","hentry","category-geral","tag-featured"],"amp_enabled":true,"_links":{"self":[{"href":"https:\/\/radiostudiow.com.br\/site\/wp-json\/wp\/v2\/posts\/27625","targetHints":{"allow":["GET"]}}],"collection":[{"href":"https:\/\/radiostudiow.com.br\/site\/wp-json\/wp\/v2\/posts"}],"about":[{"href":"https:\/\/radiostudiow.com.br\/site\/wp-json\/wp\/v2\/types\/post"}],"author":[{"embeddable":true,"href":"https:\/\/radiostudiow.com.br\/site\/wp-json\/wp\/v2\/users\/2"}],"replies":[{"embeddable":true,"href":"https:\/\/radiostudiow.com.br\/site\/wp-json\/wp\/v2\/comments?post=27625"}],"version-history":[{"count":2,"href":"https:\/\/radiostudiow.com.br\/site\/wp-json\/wp\/v2\/posts\/27625\/revisions"}],"predecessor-version":[{"id":27629,"href":"https:\/\/radiostudiow.com.br\/site\/wp-json\/wp\/v2\/posts\/27625\/revisions\/27629"}],"wp:featuredmedia":[{"embeddable":true,"href":"https:\/\/radiostudiow.com.br\/site\/wp-json\/wp\/v2\/media\/27628"}],"wp:attachment":[{"href":"https:\/\/radiostudiow.com.br\/site\/wp-json\/wp\/v2\/media?parent=27625"}],"wp:term":[{"taxonomy":"category","embeddable":true,"href":"https:\/\/radiostudiow.com.br\/site\/wp-json\/wp\/v2\/categories?post=27625"},{"taxonomy":"post_tag","embeddable":true,"href":"https:\/\/radiostudiow.com.br\/site\/wp-json\/wp\/v2\/tags?post=27625"}],"curies":[{"name":"wp","href":"https:\/\/api.w.org\/{rel}","templated":true}]}}