{"id":27630,"date":"2024-09-17T18:20:37","date_gmt":"2024-09-17T21:20:37","guid":{"rendered":"https:\/\/radiostudiow.com.br\/site\/?p=27630"},"modified":"2025-01-31T14:58:26","modified_gmt":"2025-01-31T17:58:26","slug":"policia-penal-do-parana-abre-inscricoes-para-pss-na-area-de-saude","status":"publish","type":"post","link":"https:\/\/radiostudiow.com.br\/site\/2024\/09\/17\/policia-penal-do-parana-abre-inscricoes-para-pss-na-area-de-saude\/","title":{"rendered":"Pol\u00edcia Penal do Paran\u00e1 abre inscri\u00e7\u00f5es para PSS na \u00e1rea de sa\u00fade"},"content":{"rendered":"\n<p>As inscri\u00e7\u00f5es para o Processo Seletivo Simplificado (PSS) na \u00e1rea de sa\u00fade na Pol\u00edcia Penal do Paran\u00e1 (PPPR) est\u00e3o abertas a partir desta ter\u00e7a-feira (17) e seguem at\u00e9 as 23h59 do dia 29 de setembro, conforme edital n\u00ba 100\/2024. A disposi\u00e7\u00e3o de vagas compreende 143 profissionais para atua\u00e7\u00e3o no Complexo M\u00e9dico Penal (CMP), em Pinhais, na Regi\u00e3o Metropolitana de Curitiba, e duas vagas para a sede administrativa da PPPR, na Capital.<\/p>\n\n\n\n<figure class=\"wp-block-image size-full\"><img decoding=\"async\" src=\"https:\/\/radiostudiow.com.br\/site\/wp-content\/uploads\/2024\/04\/SITE-MEDIO.png\" alt=\"\" class=\"wp-image-21854\"\/><\/figure>\n\n\n\n<p>As contrata\u00e7\u00f5es s\u00e3o de car\u00e1ter tempor\u00e1rio e observar\u00e3o o Regime Especial regulamentado pela Lei Complementar Estadual n\u00ba 108\/2005 e suas altera\u00e7\u00f5es, pelo Decreto Estadual n\u00ba 4.512\/2009 e legisla\u00e7\u00e3o correlata.<\/p>\n\n\n\n<p>Est\u00e3o dispon\u00edveis vagas para profissionais como t\u00e9cnico em enfermagem e de laborat\u00f3rio; assistente social; enfermeiro; farmac\u00eautico; fisioterapeuta; nutricionista; m\u00e9dico; psic\u00f3logo e terapeuta ocupacional. As remunera\u00e7\u00f5es variam entre R$ 5.983,78 e R$ 9.790,46. Outros detalhes sobre este processo seletivo podem ser conferidos no edital, no site&nbsp;<a href=\"http:\/\/www.pssparana.pr.gov.br\/pssparana\/publico.do;jsessionid=A7F8FE0BD673A88FDB339848B3CEA4DD?action=carregarEdital&amp;codEdital=25\" target=\"_blank\" rel=\"noreferrer noopener\">pssparana.gov.br<\/a>.<\/p>\n\n\n\n<p>\u201cO CMP atende pacientes privados de liberdade oriundos de todo o Estado e com diferentes perfis. Muitos, inclusive, necessitam de acompanhamento m\u00e9dico constante, por isso a import\u00e2ncia da contrata\u00e7\u00e3o destes profissionais de sa\u00fade\u201d, destaca a diretora-geral da PPPR, Ananda Chalegre.<\/p>\n\n\n\n<figure class=\"wp-block-image size-full\"><img loading=\"lazy\" decoding=\"async\" width=\"598\" height=\"204\" src=\"https:\/\/radiostudiow.com.br\/site\/wp-content\/uploads\/2024\/09\/AFUBRA.png\" alt=\"\" class=\"wp-image-27135\" srcset=\"https:\/\/radiostudiow.com.br\/site\/wp-content\/uploads\/2024\/09\/AFUBRA.png 598w, https:\/\/radiostudiow.com.br\/site\/wp-content\/uploads\/2024\/09\/AFUBRA-300x102.png 300w\" sizes=\"auto, (max-width: 598px) 100vw, 598px\" \/><\/figure>\n\n\n\n<p>Para fazer a inscri\u00e7\u00e3o, o candidato precisa ser brasileiro nato ou naturalizado (no caso de nacionalidade portuguesa, estar amparado pelo Estatuto de Igualdade entre Brasileiros e Portugueses); ter no m\u00ednimo 18 anos completos no momento da convoca\u00e7\u00e3o para a comprova\u00e7\u00e3o de t\u00edtulos; estar em regularidade com os direitos pol\u00edticos, civis e eleitorais e, ainda, estar quite com as obriga\u00e7\u00f5es militares.<\/p>\n\n\n\n<p>Al\u00e9m de ampla concorr\u00eancia, o processo seletivo prev\u00ea vagas destinadas a afrodescendentes e Pessoas com Defici\u00eancia (PCD), a depender do cargo.<\/p>\n","protected":false},"excerpt":{"rendered":"<p>As inscri\u00e7\u00f5es para o Processo Seletivo Simplificado (PSS) na \u00e1rea de sa\u00fade na Pol\u00edcia Penal do Paran\u00e1 (PPPR) est\u00e3o abertas a partir desta ter\u00e7a-feira (17) e seguem at\u00e9 as 23h59 do dia 29 de setembro, conforme edital n\u00ba 100\/2024. A disposi\u00e7\u00e3o de vagas compreende 143 profissionais para atua\u00e7\u00e3o no Complexo M\u00e9dico Penal (CMP), em Pinhais, [&hellip;]<\/p>\n","protected":false},"author":2,"featured_media":27631,"comment_status":"open","ping_status":"open","sticky":false,"template":"","format":"standard","meta":{"footnotes":""},"categories":[7],"tags":[172],"class_list":["post-27630","post","type-post","status-publish","format-standard","has-post-thumbnail","hentry","category-geral","tag-featured"],"amp_enabled":true,"_links":{"self":[{"href":"https:\/\/radiostudiow.com.br\/site\/wp-json\/wp\/v2\/posts\/27630","targetHints":{"allow":["GET"]}}],"collection":[{"href":"https:\/\/radiostudiow.com.br\/site\/wp-json\/wp\/v2\/posts"}],"about":[{"href":"https:\/\/radiostudiow.com.br\/site\/wp-json\/wp\/v2\/types\/post"}],"author":[{"embeddable":true,"href":"https:\/\/radiostudiow.com.br\/site\/wp-json\/wp\/v2\/users\/2"}],"replies":[{"embeddable":true,"href":"https:\/\/radiostudiow.com.br\/site\/wp-json\/wp\/v2\/comments?post=27630"}],"version-history":[{"count":1,"href":"https:\/\/radiostudiow.com.br\/site\/wp-json\/wp\/v2\/posts\/27630\/revisions"}],"predecessor-version":[{"id":27632,"href":"https:\/\/radiostudiow.com.br\/site\/wp-json\/wp\/v2\/posts\/27630\/revisions\/27632"}],"wp:featuredmedia":[{"embeddable":true,"href":"https:\/\/radiostudiow.com.br\/site\/wp-json\/wp\/v2\/media\/27631"}],"wp:attachment":[{"href":"https:\/\/radiostudiow.com.br\/site\/wp-json\/wp\/v2\/media?parent=27630"}],"wp:term":[{"taxonomy":"category","embeddable":true,"href":"https:\/\/radiostudiow.com.br\/site\/wp-json\/wp\/v2\/categories?post=27630"},{"taxonomy":"post_tag","embeddable":true,"href":"https:\/\/radiostudiow.com.br\/site\/wp-json\/wp\/v2\/tags?post=27630"}],"curies":[{"name":"wp","href":"https:\/\/api.w.org\/{rel}","templated":true}]}}