{"id":27633,"date":"2024-09-17T18:45:06","date_gmt":"2024-09-17T21:45:06","guid":{"rendered":"https:\/\/radiostudiow.com.br\/site\/?p=27633"},"modified":"2025-01-31T14:58:26","modified_gmt":"2025-01-31T17:58:26","slug":"bombeiros-samu-e-pre-atendem-acidente-envolvendo-auto-x-bike-na-pr-151","status":"publish","type":"post","link":"https:\/\/radiostudiow.com.br\/site\/2024\/09\/17\/bombeiros-samu-e-pre-atendem-acidente-envolvendo-auto-x-bike-na-pr-151\/","title":{"rendered":"Bombeiros Samu e PRE atendem acidente envolvendo auto X bike na PR-151"},"content":{"rendered":"\n<p>As equipes de socorro foram acionadas para atender um acidente envolvendo autom\u00f3vel e bicicleta na PR-151 entrada da Vila Palmeirinha sentido Vila Verde, S\u00e3o Mateus do Sul por volta de 19 horas desta segunda-feira (16).<\/p>\n\n\n\n<figure class=\"wp-block-image size-full is-resized\"><img loading=\"lazy\" decoding=\"async\" width=\"900\" height=\"408\" src=\"https:\/\/radiostudiow.com.br\/site\/wp-content\/uploads\/2024\/08\/image-64.png\" alt=\"\" class=\"wp-image-26531\" style=\"width:560px;height:auto\" srcset=\"https:\/\/radiostudiow.com.br\/site\/wp-content\/uploads\/2024\/08\/image-64.png 900w, https:\/\/radiostudiow.com.br\/site\/wp-content\/uploads\/2024\/08\/image-64-300x136.png 300w, https:\/\/radiostudiow.com.br\/site\/wp-content\/uploads\/2024\/08\/image-64-768x348.png 768w\" sizes=\"auto, (max-width: 900px) 100vw, 900px\" \/><\/figure>\n\n\n\n<p>Segundo informa\u00e7\u00f5es um ciclista envolveu-se em um acidente com um ve\u00edculo. O Siate deslocou para atendimento e encaminhou a v\u00edtima para o pronto socorro municipal com ferimentos graves.<\/p>\n\n\n\n<p>No ve\u00edculo Fiat Palio tinham quatro ocupantes masculinos sendo um deles encaminhado ao Pronto socorro com ferimentos. Atendimento SIATE E SAMU e PRE.<\/p>\n","protected":false},"excerpt":{"rendered":"<p>As equipes de socorro foram acionadas para atender um acidente envolvendo autom\u00f3vel e bicicleta na PR-151 entrada da Vila Palmeirinha sentido Vila Verde, S\u00e3o Mateus do Sul por volta de 19 horas desta segunda-feira (16). Segundo informa\u00e7\u00f5es um ciclista envolveu-se em um acidente com um ve\u00edculo. O Siate deslocou para atendimento e encaminhou a v\u00edtima [&hellip;]<\/p>\n","protected":false},"author":2,"featured_media":27635,"comment_status":"open","ping_status":"open","sticky":false,"template":"","format":"standard","meta":{"footnotes":""},"categories":[185],"tags":[172],"class_list":["post-27633","post","type-post","status-publish","format-standard","has-post-thumbnail","hentry","category-regional","tag-featured"],"amp_enabled":true,"_links":{"self":[{"href":"https:\/\/radiostudiow.com.br\/site\/wp-json\/wp\/v2\/posts\/27633","targetHints":{"allow":["GET"]}}],"collection":[{"href":"https:\/\/radiostudiow.com.br\/site\/wp-json\/wp\/v2\/posts"}],"about":[{"href":"https:\/\/radiostudiow.com.br\/site\/wp-json\/wp\/v2\/types\/post"}],"author":[{"embeddable":true,"href":"https:\/\/radiostudiow.com.br\/site\/wp-json\/wp\/v2\/users\/2"}],"replies":[{"embeddable":true,"href":"https:\/\/radiostudiow.com.br\/site\/wp-json\/wp\/v2\/comments?post=27633"}],"version-history":[{"count":2,"href":"https:\/\/radiostudiow.com.br\/site\/wp-json\/wp\/v2\/posts\/27633\/revisions"}],"predecessor-version":[{"id":27637,"href":"https:\/\/radiostudiow.com.br\/site\/wp-json\/wp\/v2\/posts\/27633\/revisions\/27637"}],"wp:featuredmedia":[{"embeddable":true,"href":"https:\/\/radiostudiow.com.br\/site\/wp-json\/wp\/v2\/media\/27635"}],"wp:attachment":[{"href":"https:\/\/radiostudiow.com.br\/site\/wp-json\/wp\/v2\/media?parent=27633"}],"wp:term":[{"taxonomy":"category","embeddable":true,"href":"https:\/\/radiostudiow.com.br\/site\/wp-json\/wp\/v2\/categories?post=27633"},{"taxonomy":"post_tag","embeddable":true,"href":"https:\/\/radiostudiow.com.br\/site\/wp-json\/wp\/v2\/tags?post=27633"}],"curies":[{"name":"wp","href":"https:\/\/api.w.org\/{rel}","templated":true}]}}