{"id":27638,"date":"2024-09-17T18:47:31","date_gmt":"2024-09-17T21:47:31","guid":{"rendered":"https:\/\/radiostudiow.com.br\/site\/?p=27638"},"modified":"2025-01-31T14:58:26","modified_gmt":"2025-01-31T17:58:26","slug":"jardineiro-recupera-bicicleta-furtada-em-uniao-da-vitoria","status":"publish","type":"post","link":"https:\/\/radiostudiow.com.br\/site\/2024\/09\/17\/jardineiro-recupera-bicicleta-furtada-em-uniao-da-vitoria\/","title":{"rendered":"Jardineiro recupera bicicleta furtada em Uni\u00e3o da Vit\u00f3ria"},"content":{"rendered":"\n<p>Na madrugada do s\u00e1bado, 07 de setembro, uma bicicleta foi furtada no bairro S\u00e3o Crist\u00f3v\u00e3o, em Uni\u00e3o da Vit\u00f3ria.\u00a0O ve\u00edculo, que pertence ao jardineiro Sidnei, \u00e9 fundamental para seu trabalho, e sua aus\u00eancia gerou grande como\u00e7\u00e3o na comunidade.<\/p>\n\n\n\n<figure class=\"wp-block-image size-full\"><img loading=\"lazy\" decoding=\"async\" width=\"897\" height=\"204\" src=\"https:\/\/radiostudiow.com.br\/site\/wp-content\/uploads\/2024\/08\/TIJOLAO.png\" alt=\"\" class=\"wp-image-25951\" srcset=\"https:\/\/radiostudiow.com.br\/site\/wp-content\/uploads\/2024\/08\/TIJOLAO.png 897w, https:\/\/radiostudiow.com.br\/site\/wp-content\/uploads\/2024\/08\/TIJOLAO-300x68.png 300w, https:\/\/radiostudiow.com.br\/site\/wp-content\/uploads\/2024\/08\/TIJOLAO-768x175.png 768w\" sizes=\"auto, (max-width: 897px) 100vw, 897px\" \/><\/figure>\n\n\n\n<p>Desesperado, Sidnei recorreu \u00e0s redes sociais para pedir ajuda aos moradores, destacando o quanto a bicicleta era crucial para seu deslocamento e para a realiza\u00e7\u00e3o dos servi\u00e7os de jardinagem. Uma semana ap\u00f3s o furto, na madrugada deste s\u00e1bado, 14 de setembro, a bicicleta foi recuperada de forma inesperada.<\/p>\n\n\n\n<p>Um profissional de monitoramento de uma empresa privada foi acionado para atender a um disparo de alarme em um estabelecimento na Rua Costa de Carvalho, no centro da cidade.\u00a0Ao chegar ao local, encontrou o suspeito que havia arrombado o com\u00e9rcio. O indiv\u00edduo conseguiu fugir, mas deixou para tr\u00e1s uma bicicleta laranja, a mesma que Sidnei havia perdido.<\/p>\n\n\n\n<figure class=\"wp-block-image size-full is-resized\"><img loading=\"lazy\" decoding=\"async\" width=\"720\" height=\"540\" src=\"https:\/\/radiostudiow.com.br\/site\/wp-content\/uploads\/2024\/09\/image-64.png\" alt=\"\" class=\"wp-image-27640\" style=\"width:484px;height:auto\" srcset=\"https:\/\/radiostudiow.com.br\/site\/wp-content\/uploads\/2024\/09\/image-64.png 720w, https:\/\/radiostudiow.com.br\/site\/wp-content\/uploads\/2024\/09\/image-64-300x225.png 300w\" sizes=\"auto, (max-width: 720px) 100vw, 720px\" \/><\/figure>\n\n\n\n<p>O vigilante, que conhecia a hist\u00f3ria de Sidnei por meio das redes sociais, prontamente entrou em contato com o jardineiro. Sidnei foi at\u00e9 o local e confirmou que a bicicleta era de fato a sua, marcando o fim de uma semana de ang\u00fastia e a recupera\u00e7\u00e3o de um bem essencial para seu sustento.<\/p>\n","protected":false},"excerpt":{"rendered":"<p>Na madrugada do s\u00e1bado, 07 de setembro, uma bicicleta foi furtada no bairro S\u00e3o Crist\u00f3v\u00e3o, em Uni\u00e3o da Vit\u00f3ria.\u00a0O ve\u00edculo, que pertence ao jardineiro Sidnei, \u00e9 fundamental para seu trabalho, e sua aus\u00eancia gerou grande como\u00e7\u00e3o na comunidade. Desesperado, Sidnei recorreu \u00e0s redes sociais para pedir ajuda aos moradores, destacando o quanto a bicicleta era [&hellip;]<\/p>\n","protected":false},"author":2,"featured_media":27639,"comment_status":"open","ping_status":"open","sticky":false,"template":"","format":"standard","meta":{"footnotes":""},"categories":[2],"tags":[172],"class_list":["post-27638","post","type-post","status-publish","format-standard","has-post-thumbnail","hentry","category-policial","tag-featured"],"amp_enabled":true,"_links":{"self":[{"href":"https:\/\/radiostudiow.com.br\/site\/wp-json\/wp\/v2\/posts\/27638","targetHints":{"allow":["GET"]}}],"collection":[{"href":"https:\/\/radiostudiow.com.br\/site\/wp-json\/wp\/v2\/posts"}],"about":[{"href":"https:\/\/radiostudiow.com.br\/site\/wp-json\/wp\/v2\/types\/post"}],"author":[{"embeddable":true,"href":"https:\/\/radiostudiow.com.br\/site\/wp-json\/wp\/v2\/users\/2"}],"replies":[{"embeddable":true,"href":"https:\/\/radiostudiow.com.br\/site\/wp-json\/wp\/v2\/comments?post=27638"}],"version-history":[{"count":1,"href":"https:\/\/radiostudiow.com.br\/site\/wp-json\/wp\/v2\/posts\/27638\/revisions"}],"predecessor-version":[{"id":27641,"href":"https:\/\/radiostudiow.com.br\/site\/wp-json\/wp\/v2\/posts\/27638\/revisions\/27641"}],"wp:featuredmedia":[{"embeddable":true,"href":"https:\/\/radiostudiow.com.br\/site\/wp-json\/wp\/v2\/media\/27639"}],"wp:attachment":[{"href":"https:\/\/radiostudiow.com.br\/site\/wp-json\/wp\/v2\/media?parent=27638"}],"wp:term":[{"taxonomy":"category","embeddable":true,"href":"https:\/\/radiostudiow.com.br\/site\/wp-json\/wp\/v2\/categories?post=27638"},{"taxonomy":"post_tag","embeddable":true,"href":"https:\/\/radiostudiow.com.br\/site\/wp-json\/wp\/v2\/tags?post=27638"}],"curies":[{"name":"wp","href":"https:\/\/api.w.org\/{rel}","templated":true}]}}