{"id":27642,"date":"2024-09-18T10:11:07","date_gmt":"2024-09-18T13:11:07","guid":{"rendered":"https:\/\/radiostudiow.com.br\/site\/?p=27642"},"modified":"2025-01-31T14:58:26","modified_gmt":"2025-01-31T17:58:26","slug":"homem-e-preso-por-porte-ilegal-de-arma-de-fogo-em-uniao-da-vitoria-2","status":"publish","type":"post","link":"https:\/\/radiostudiow.com.br\/site\/2024\/09\/18\/homem-e-preso-por-porte-ilegal-de-arma-de-fogo-em-uniao-da-vitoria-2\/","title":{"rendered":"Homem \u00e9 preso por porte ilegal de arma de fogo em Uni\u00e3o da Vit\u00f3ria"},"content":{"rendered":"\n<p>A equipe da Pol\u00edcia Militar recebeu den\u00fancias de que na Col\u00f4nia Rio Vermelho, interior do munic\u00edpio de uni\u00e3o da vit\u00f3ria, havia um homem efetuando disparos de arma de fogo pr\u00f3ximo a sua propriedade. O caso foi registrado por volta 19:45 horas dessa segunda-feira (16).<\/p>\n\n\n\n<figure class=\"wp-block-image size-full\"><img loading=\"lazy\" decoding=\"async\" width=\"897\" height=\"204\" src=\"https:\/\/radiostudiow.com.br\/site\/wp-content\/uploads\/2024\/08\/TIJOLAO.png\" alt=\"\" class=\"wp-image-25951\" srcset=\"https:\/\/radiostudiow.com.br\/site\/wp-content\/uploads\/2024\/08\/TIJOLAO.png 897w, https:\/\/radiostudiow.com.br\/site\/wp-content\/uploads\/2024\/08\/TIJOLAO-300x68.png 300w, https:\/\/radiostudiow.com.br\/site\/wp-content\/uploads\/2024\/08\/TIJOLAO-768x175.png 768w\" sizes=\"auto, (max-width: 897px) 100vw, 897px\" \/><\/figure>\n\n\n\n<p>No local denunciado a equipe policial realizou a abordagem de um ve\u00edculo suspeito, onde ap\u00f3s revista veicular foram encontradas 09 unidades de muni\u00e7\u00e3o para espingarda, Calibre .28, marca C.B.C.<\/p>\n\n\n\n<p>Diante da situa\u00e7\u00e3o, a equipe policial deu voz de pris\u00e3o ao autor, o qual foi conduzido junto das muni\u00e7\u00f5es apreendidas at\u00e9 a 4\u00aa SDP para os procedimentos cab\u00edveis.<\/p>\n","protected":false},"excerpt":{"rendered":"<p>A equipe da Pol\u00edcia Militar recebeu den\u00fancias de que na Col\u00f4nia Rio Vermelho, interior do munic\u00edpio de uni\u00e3o da vit\u00f3ria, havia um homem efetuando disparos de arma de fogo pr\u00f3ximo a sua propriedade. O caso foi registrado por volta 19:45 horas dessa segunda-feira (16). No local denunciado a equipe policial realizou a abordagem de um [&hellip;]<\/p>\n","protected":false},"author":2,"featured_media":27668,"comment_status":"open","ping_status":"open","sticky":false,"template":"","format":"standard","meta":{"footnotes":""},"categories":[2],"tags":[172],"class_list":["post-27642","post","type-post","status-publish","format-standard","has-post-thumbnail","hentry","category-policial","tag-featured"],"amp_enabled":true,"_links":{"self":[{"href":"https:\/\/radiostudiow.com.br\/site\/wp-json\/wp\/v2\/posts\/27642","targetHints":{"allow":["GET"]}}],"collection":[{"href":"https:\/\/radiostudiow.com.br\/site\/wp-json\/wp\/v2\/posts"}],"about":[{"href":"https:\/\/radiostudiow.com.br\/site\/wp-json\/wp\/v2\/types\/post"}],"author":[{"embeddable":true,"href":"https:\/\/radiostudiow.com.br\/site\/wp-json\/wp\/v2\/users\/2"}],"replies":[{"embeddable":true,"href":"https:\/\/radiostudiow.com.br\/site\/wp-json\/wp\/v2\/comments?post=27642"}],"version-history":[{"count":1,"href":"https:\/\/radiostudiow.com.br\/site\/wp-json\/wp\/v2\/posts\/27642\/revisions"}],"predecessor-version":[{"id":27669,"href":"https:\/\/radiostudiow.com.br\/site\/wp-json\/wp\/v2\/posts\/27642\/revisions\/27669"}],"wp:featuredmedia":[{"embeddable":true,"href":"https:\/\/radiostudiow.com.br\/site\/wp-json\/wp\/v2\/media\/27668"}],"wp:attachment":[{"href":"https:\/\/radiostudiow.com.br\/site\/wp-json\/wp\/v2\/media?parent=27642"}],"wp:term":[{"taxonomy":"category","embeddable":true,"href":"https:\/\/radiostudiow.com.br\/site\/wp-json\/wp\/v2\/categories?post=27642"},{"taxonomy":"post_tag","embeddable":true,"href":"https:\/\/radiostudiow.com.br\/site\/wp-json\/wp\/v2\/tags?post=27642"}],"curies":[{"name":"wp","href":"https:\/\/api.w.org\/{rel}","templated":true}]}}