{"id":27656,"date":"2024-09-18T09:26:20","date_gmt":"2024-09-18T12:26:20","guid":{"rendered":"https:\/\/radiostudiow.com.br\/site\/?p=27656"},"modified":"2025-01-31T14:58:26","modified_gmt":"2025-01-31T17:58:26","slug":"confira-a-programacao-do-aniversario-dos-112-anos-de-mallet-neste-sabado-21-de-setembro","status":"publish","type":"post","link":"https:\/\/radiostudiow.com.br\/site\/2024\/09\/18\/confira-a-programacao-do-aniversario-dos-112-anos-de-mallet-neste-sabado-21-de-setembro\/","title":{"rendered":"Confira a programa\u00e7\u00e3o do anivers\u00e1rio dos 112 anos de Mallet"},"content":{"rendered":"\n<blockquote class=\"wp-block-quote is-layout-flow wp-block-quote-is-layout-flow\">\n<p class=\"has-text-align-center\">No periodo da manh\u00e3 teremos Desfile C\u00edvico das escolas, secretarias e grupos municipais.<\/p>\n<\/blockquote>\n\n\n\n<figure class=\"wp-block-image size-large\"><img loading=\"lazy\" decoding=\"async\" width=\"1131\" height=\"754\" src=\"https:\/\/radiostudiow.com.br\/site\/wp-content\/uploads\/2024\/09\/07-edited.jpeg\" alt=\"\" class=\"wp-image-27661\" srcset=\"https:\/\/radiostudiow.com.br\/site\/wp-content\/uploads\/2024\/09\/07-edited.jpeg 1131w, https:\/\/radiostudiow.com.br\/site\/wp-content\/uploads\/2024\/09\/07-edited-300x200.jpeg 300w, https:\/\/radiostudiow.com.br\/site\/wp-content\/uploads\/2024\/09\/07-edited-1024x683.jpeg 1024w, https:\/\/radiostudiow.com.br\/site\/wp-content\/uploads\/2024\/09\/07-edited-768x512.jpeg 768w\" sizes=\"auto, (max-width: 1131px) 100vw, 1131px\" \/><\/figure>\n\n\n\n<blockquote class=\"wp-block-quote is-layout-flow wp-block-quote-is-layout-flow\">\n<p class=\"has-text-align-center\">S\u00e1bado e Domindo &#8211; 21 e 22 de setembro<\/p>\n<\/blockquote>\n\n\n\n<figure class=\"wp-block-image size-large is-resized\"><img loading=\"lazy\" decoding=\"async\" width=\"819\" height=\"1024\" src=\"https:\/\/radiostudiow.com.br\/site\/wp-content\/uploads\/2024\/09\/06-1-819x1024.jpeg\" alt=\"\" class=\"wp-image-27658\" style=\"width:743px;height:auto\" srcset=\"https:\/\/radiostudiow.com.br\/site\/wp-content\/uploads\/2024\/09\/06-1-819x1024.jpeg 819w, https:\/\/radiostudiow.com.br\/site\/wp-content\/uploads\/2024\/09\/06-1-240x300.jpeg 240w, https:\/\/radiostudiow.com.br\/site\/wp-content\/uploads\/2024\/09\/06-1-768x960.jpeg 768w, https:\/\/radiostudiow.com.br\/site\/wp-content\/uploads\/2024\/09\/06-1.jpeg 1080w\" sizes=\"auto, (max-width: 819px) 100vw, 819px\" \/><\/figure>\n\n\n\n<blockquote class=\"wp-block-quote is-layout-flow wp-block-quote-is-layout-flow\">\n<h2 class=\"wp-block-heading\"><\/h2>\n<\/blockquote>\n\n\n\n<blockquote class=\"wp-block-quote is-layout-flow wp-block-quote-is-layout-flow\">\n<p class=\"has-text-align-center\">Nesta quinta-feira, 19 de setembro, teremos um momento muito especial para os alunos da rede municipal. Com a formatura do PROERD.<\/p>\n<\/blockquote>\n\n\n\n<figure class=\"wp-block-image size-full\"><img loading=\"lazy\" decoding=\"async\" width=\"853\" height=\"758\" src=\"https:\/\/radiostudiow.com.br\/site\/wp-content\/uploads\/2024\/09\/05-2.png\" alt=\"\" class=\"wp-image-27659\" srcset=\"https:\/\/radiostudiow.com.br\/site\/wp-content\/uploads\/2024\/09\/05-2.png 853w, https:\/\/radiostudiow.com.br\/site\/wp-content\/uploads\/2024\/09\/05-2-300x267.png 300w, https:\/\/radiostudiow.com.br\/site\/wp-content\/uploads\/2024\/09\/05-2-768x682.png 768w\" sizes=\"auto, (max-width: 853px) 100vw, 853px\" \/><\/figure>\n","protected":false},"excerpt":{"rendered":"<p>No periodo da manh\u00e3 teremos Desfile C\u00edvico das escolas, secretarias e grupos municipais. S\u00e1bado e Domindo &#8211; 21 e 22 de setembro Nesta quinta-feira, 19 de setembro, teremos um momento muito especial para os alunos da rede municipal. Com a formatura do PROERD.<\/p>\n","protected":false},"author":2,"featured_media":27660,"comment_status":"open","ping_status":"open","sticky":false,"template":"","format":"standard","meta":{"footnotes":""},"categories":[184],"tags":[172],"class_list":["post-27656","post","type-post","status-publish","format-standard","has-post-thumbnail","hentry","category-local","tag-featured"],"amp_enabled":true,"_links":{"self":[{"href":"https:\/\/radiostudiow.com.br\/site\/wp-json\/wp\/v2\/posts\/27656","targetHints":{"allow":["GET"]}}],"collection":[{"href":"https:\/\/radiostudiow.com.br\/site\/wp-json\/wp\/v2\/posts"}],"about":[{"href":"https:\/\/radiostudiow.com.br\/site\/wp-json\/wp\/v2\/types\/post"}],"author":[{"embeddable":true,"href":"https:\/\/radiostudiow.com.br\/site\/wp-json\/wp\/v2\/users\/2"}],"replies":[{"embeddable":true,"href":"https:\/\/radiostudiow.com.br\/site\/wp-json\/wp\/v2\/comments?post=27656"}],"version-history":[{"count":5,"href":"https:\/\/radiostudiow.com.br\/site\/wp-json\/wp\/v2\/posts\/27656\/revisions"}],"predecessor-version":[{"id":27763,"href":"https:\/\/radiostudiow.com.br\/site\/wp-json\/wp\/v2\/posts\/27656\/revisions\/27763"}],"wp:featuredmedia":[{"embeddable":true,"href":"https:\/\/radiostudiow.com.br\/site\/wp-json\/wp\/v2\/media\/27660"}],"wp:attachment":[{"href":"https:\/\/radiostudiow.com.br\/site\/wp-json\/wp\/v2\/media?parent=27656"}],"wp:term":[{"taxonomy":"category","embeddable":true,"href":"https:\/\/radiostudiow.com.br\/site\/wp-json\/wp\/v2\/categories?post=27656"},{"taxonomy":"post_tag","embeddable":true,"href":"https:\/\/radiostudiow.com.br\/site\/wp-json\/wp\/v2\/tags?post=27656"}],"curies":[{"name":"wp","href":"https:\/\/api.w.org\/{rel}","templated":true}]}}