{"id":27664,"date":"2024-09-18T09:38:37","date_gmt":"2024-09-18T12:38:37","guid":{"rendered":"https:\/\/radiostudiow.com.br\/site\/?p=27664"},"modified":"2025-01-31T14:58:26","modified_gmt":"2025-01-31T17:58:26","slug":"boletim-da-secretaria-da-saude-confirma-mais-262-casos-de-dengue-no-parana","status":"publish","type":"post","link":"https:\/\/radiostudiow.com.br\/site\/2024\/09\/18\/boletim-da-secretaria-da-saude-confirma-mais-262-casos-de-dengue-no-parana\/","title":{"rendered":"Boletim da Secretaria da Sa\u00fade confirma mais 262 casos de dengue no Paran\u00e1"},"content":{"rendered":"\n<p>A Secretaria de Estado da Sa\u00fade (Sesa), por meio da Coordenadoria Estadual de Vigil\u00e2ncia Ambiental, publicou nesta ter\u00e7a-feira (17), o novo informe semanal da dengue.<\/p>\n\n\n\n<figure class=\"wp-block-image size-full\"><img loading=\"lazy\" decoding=\"async\" width=\"900\" height=\"408\" src=\"https:\/\/radiostudiow.com.br\/site\/wp-content\/uploads\/2024\/08\/image-64.png\" alt=\"\" class=\"wp-image-26531\" srcset=\"https:\/\/radiostudiow.com.br\/site\/wp-content\/uploads\/2024\/08\/image-64.png 900w, https:\/\/radiostudiow.com.br\/site\/wp-content\/uploads\/2024\/08\/image-64-300x136.png 300w, https:\/\/radiostudiow.com.br\/site\/wp-content\/uploads\/2024\/08\/image-64-768x348.png 768w\" sizes=\"auto, (max-width: 900px) 100vw, 900px\" \/><\/figure>\n\n\n\n<p>Foram registrados mais 262 casos da doen\u00e7a e nenhum \u00f3bito na \u00faltima semana. Somados os dados do novo per\u00edodo epidemiol\u00f3gico, iniciado em 28 de julho de 2024, o Paran\u00e1 registra 12.368 notifica\u00e7\u00f5es, 1.651 casos confirmados e nenhuma morte em decorr\u00eancia da dengue.<\/p>\n\n\n\n<p>No total, 315 munic\u00edpios j\u00e1 apresentaram notifica\u00e7\u00f5es da doen\u00e7a, que \u00e9 transmitida pelo mosquito Aedes aegypti, e 180 possuem casos confirmados.<\/p>\n\n\n\n<p><strong>OUTRAS ARBOVIROSES \u2013<\/strong>&nbsp;Informa\u00e7\u00f5es sobre Chikungunya e Zika, doen\u00e7as tamb\u00e9m transmitidas pelo mosquito Aedes aegypti, constam nesse mesmo documento. Neste per\u00edodo foi confirmado um caso de Chikungunya, sendo registradas 76 notifica\u00e7\u00f5es da doen\u00e7a no Estado. Com rela\u00e7\u00e3o ao Zika V\u00edrus, at\u00e9 o momento ocorreram duas notifica\u00e7\u00f5es.<\/p>\n\n\n\n<p><strong>INFESTA\u00c7\u00c3O PREDIAL \u2013<\/strong>&nbsp;A Sesa divulgou tamb\u00e9m o novo boletim de infesta\u00e7\u00e3o predial (<a href=\"https:\/\/www.dengue.pr.gov.br\/Pagina\/Boletim-Infestacao-Predial\" target=\"_blank\" rel=\"noreferrer noopener\"><strong>AQUI<\/strong><\/a>) que apresenta o levantamento entomol\u00f3gico para o Aedes aegypti. O Paran\u00e1 tem 376 munic\u00edpios infestados, representando 94,2% do Estado.<\/p>\n\n\n\n<div class=\"wp-block-media-text is-stacked-on-mobile\" style=\"grid-template-columns:60% auto\"><figure class=\"wp-block-media-text__media\"><img decoding=\"async\" src=\"https:\/\/radiostudiow.com.br\/site\/wp-content\/uploads\/2024\/05\/LABIRATI-1024x1024.png\" alt=\"\" class=\"wp-image-22265 size-full\"\/><\/figure><div class=\"wp-block-media-text__content\">\n<p>A Labirati cuida da sua sa\u00fade!<\/p>\n\n\n\n<figure class=\"wp-block-image is-resized\"><img decoding=\"async\" src=\"https:\/\/s.w.org\/images\/core\/emoji\/15.0.3\/svg\/1f4cd.svg\" alt=\"\ud83d\udccd\" style=\"width:23px;height:auto\"\/><\/figure>\n\n\n\n<p>Rua Major Estev\u00e3o \u2013 208 \u2013 Centro Mallet \u2013 PR<\/p>\n\n\n\n<p>em frente a antiga prefeitura<\/p>\n\n\n\n<figure class=\"wp-block-image is-resized\"><img decoding=\"async\" src=\"https:\/\/s.w.org\/images\/core\/emoji\/15.0.3\/svg\/1f4de.svg\" alt=\"\ud83d\udcde\" style=\"width:25px;height:auto\"\/><\/figure>\n\n\n\n<p>&nbsp;42 99866-8578 | 42 3542-1001<\/p>\n<\/div><\/div>\n\n\n\n<p>No per\u00edodo de 1\u00ba de julho a 31 de agosto, dos 399 munic\u00edpios do Paran\u00e1, seis estavam classificados como em situa\u00e7\u00e3o de risco de epidemia, 88 em alerta e 237 em situa\u00e7\u00e3o satisfat\u00f3ria para o IIP (\u00cdndice de Infesta\u00e7\u00e3o Predial). Outros 59 n\u00e3o enviaram informa\u00e7\u00f5es ou n\u00e3o realizaram o monitoramento. A cidade com maior \u00edndice de infesta\u00e7\u00e3o predial \u00e9 Flora\u00ed, com IIP de 5,6%.<\/p>\n\n\n\n<p>A Sesa refor\u00e7a a import\u00e2ncia da remo\u00e7\u00e3o de criadouros para a elimina\u00e7\u00e3o de qualquer local ou recipiente que possa acumular \u00e1gua.<\/p>\n\n\n\n<p>Confira o Boletim Semanal completo&nbsp;<a href=\"https:\/\/www.documentador.pr.gov.br\/documentador\/pub.do?action=d&amp;uuid=@gtf-escriba-sesa@43fef67e-967f-4ffa-965d-878182f51f86&amp;emPg=true\" target=\"_blank\" rel=\"noreferrer noopener\"><strong>AQUI<\/strong><\/a>. Mais informa\u00e7\u00f5es sobre a dengue est\u00e3o neste&nbsp;<a href=\"https:\/\/www.dengue.pr.gov.br\/Pagina\/Boletins-da-Dengue\" target=\"_blank\" rel=\"noreferrer noopener\"><strong>LINK<\/strong><\/a>.<\/p>\n\n\n\n<p><\/p>\n","protected":false},"excerpt":{"rendered":"<p>A Secretaria de Estado da Sa\u00fade (Sesa), por meio da Coordenadoria Estadual de Vigil\u00e2ncia Ambiental, publicou nesta ter\u00e7a-feira (17), o novo informe semanal da dengue. Foram registrados mais 262 casos da doen\u00e7a e nenhum \u00f3bito na \u00faltima semana. Somados os dados do novo per\u00edodo epidemiol\u00f3gico, iniciado em 28 de julho de 2024, o Paran\u00e1 registra [&hellip;]<\/p>\n","protected":false},"author":2,"featured_media":23432,"comment_status":"open","ping_status":"open","sticky":false,"template":"","format":"standard","meta":{"footnotes":""},"categories":[182],"tags":[172],"class_list":["post-27664","post","type-post","status-publish","format-standard","has-post-thumbnail","hentry","category-saude","tag-featured"],"amp_enabled":true,"_links":{"self":[{"href":"https:\/\/radiostudiow.com.br\/site\/wp-json\/wp\/v2\/posts\/27664","targetHints":{"allow":["GET"]}}],"collection":[{"href":"https:\/\/radiostudiow.com.br\/site\/wp-json\/wp\/v2\/posts"}],"about":[{"href":"https:\/\/radiostudiow.com.br\/site\/wp-json\/wp\/v2\/types\/post"}],"author":[{"embeddable":true,"href":"https:\/\/radiostudiow.com.br\/site\/wp-json\/wp\/v2\/users\/2"}],"replies":[{"embeddable":true,"href":"https:\/\/radiostudiow.com.br\/site\/wp-json\/wp\/v2\/comments?post=27664"}],"version-history":[{"count":1,"href":"https:\/\/radiostudiow.com.br\/site\/wp-json\/wp\/v2\/posts\/27664\/revisions"}],"predecessor-version":[{"id":27665,"href":"https:\/\/radiostudiow.com.br\/site\/wp-json\/wp\/v2\/posts\/27664\/revisions\/27665"}],"wp:featuredmedia":[{"embeddable":true,"href":"https:\/\/radiostudiow.com.br\/site\/wp-json\/wp\/v2\/media\/23432"}],"wp:attachment":[{"href":"https:\/\/radiostudiow.com.br\/site\/wp-json\/wp\/v2\/media?parent=27664"}],"wp:term":[{"taxonomy":"category","embeddable":true,"href":"https:\/\/radiostudiow.com.br\/site\/wp-json\/wp\/v2\/categories?post=27664"},{"taxonomy":"post_tag","embeddable":true,"href":"https:\/\/radiostudiow.com.br\/site\/wp-json\/wp\/v2\/tags?post=27664"}],"curies":[{"name":"wp","href":"https:\/\/api.w.org\/{rel}","templated":true}]}}