{"id":27670,"date":"2024-09-18T10:14:40","date_gmt":"2024-09-18T13:14:40","guid":{"rendered":"https:\/\/radiostudiow.com.br\/site\/?p=27670"},"modified":"2025-01-31T14:58:26","modified_gmt":"2025-01-31T17:58:26","slug":"policia-civil-de-irati-prende-homem-condenado-por-roubo","status":"publish","type":"post","link":"https:\/\/radiostudiow.com.br\/site\/2024\/09\/18\/policia-civil-de-irati-prende-homem-condenado-por-roubo\/","title":{"rendered":"Pol\u00edcia Civil de Irati prende homem condenado por roubo"},"content":{"rendered":"\n<p>Um homem condenado pelo crime de roubo foi preso na Vila Nova, em Irati, na tarde de segunda-feira (16).<\/p>\n\n\n\n<p>Segundo a Pol\u00edcia Civil, que realizou a pris\u00e3o, ele regrediu de regime de cumprimento da pena por n\u00e3o ter cumprido as medidas impostas pela justi\u00e7a.<\/p>\n\n\n\n<figure class=\"wp-block-image size-full\"><img loading=\"lazy\" decoding=\"async\" width=\"897\" height=\"204\" src=\"https:\/\/radiostudiow.com.br\/site\/wp-content\/uploads\/2024\/04\/image-37.png\" alt=\"\" class=\"wp-image-21305\" srcset=\"https:\/\/radiostudiow.com.br\/site\/wp-content\/uploads\/2024\/04\/image-37.png 897w, https:\/\/radiostudiow.com.br\/site\/wp-content\/uploads\/2024\/04\/image-37-300x68.png 300w, https:\/\/radiostudiow.com.br\/site\/wp-content\/uploads\/2024\/04\/image-37-768x175.png 768w\" sizes=\"auto, (max-width: 897px) 100vw, 897px\" \/><\/figure>\n\n\n\n<p>O homem de 30 anos cometeu o crime em fevereiro de 2020. De acordo com a Pol\u00edcia Civil, ele simulou que estava armado e rendeu um funcion\u00e1rio de um hotel.<\/p>\n\n\n\n<p>O homem levou alguns objetos do estabelecimento, que naquele momento n\u00e3o tinha dinheiro no caixa.<\/p>\n\n\n\n<p>A condena\u00e7\u00e3o ocorreu em maio de 2020 com uma pena de seis anos e um m\u00eas de pris\u00e3o e 22 dias-multa. O homem detido foi encaminhado para a Delegacia.<\/p>\n\n\n\n<figure class=\"wp-block-image size-full is-resized\"><img loading=\"lazy\" decoding=\"async\" width=\"900\" height=\"408\" src=\"https:\/\/radiostudiow.com.br\/site\/wp-content\/uploads\/2024\/08\/image-64.png\" alt=\"\" class=\"wp-image-26531\" style=\"width:680px;height:auto\" srcset=\"https:\/\/radiostudiow.com.br\/site\/wp-content\/uploads\/2024\/08\/image-64.png 900w, https:\/\/radiostudiow.com.br\/site\/wp-content\/uploads\/2024\/08\/image-64-300x136.png 300w, https:\/\/radiostudiow.com.br\/site\/wp-content\/uploads\/2024\/08\/image-64-768x348.png 768w\" sizes=\"auto, (max-width: 900px) 100vw, 900px\" \/><\/figure>\n\n\n\n<p>De acordo com o C\u00f3digo Penal, o \u201cdia-multa\u201d \u00e9 o valor unit\u00e1rio a ser pago pelo r\u00e9u a cada dia de multa determinado pelos magistrados.<\/p>\n\n\n\n<p>A multa deve ser paga, diz a legisla\u00e7\u00e3o, em at\u00e9 dez dias depois do tr\u00e2nsito em julgado da a\u00e7\u00e3o, ou seja, quando n\u00e3o h\u00e1 mais possibilidade de recurso. Tamb\u00e9m h\u00e1 previs\u00e3o de parcelamento do pagamento.<\/p>\n\n\n\n<p><em>Fonte: Portal Irati<\/em><\/p>\n","protected":false},"excerpt":{"rendered":"<p>Um homem condenado pelo crime de roubo foi preso na Vila Nova, em Irati, na tarde de segunda-feira (16). Segundo a Pol\u00edcia Civil, que realizou a pris\u00e3o, ele regrediu de regime de cumprimento da pena por n\u00e3o ter cumprido as medidas impostas pela justi\u00e7a. O homem de 30 anos cometeu o crime em fevereiro de [&hellip;]<\/p>\n","protected":false},"author":2,"featured_media":27671,"comment_status":"open","ping_status":"open","sticky":false,"template":"","format":"standard","meta":{"footnotes":""},"categories":[2],"tags":[172],"class_list":["post-27670","post","type-post","status-publish","format-standard","has-post-thumbnail","hentry","category-policial","tag-featured"],"amp_enabled":true,"_links":{"self":[{"href":"https:\/\/radiostudiow.com.br\/site\/wp-json\/wp\/v2\/posts\/27670","targetHints":{"allow":["GET"]}}],"collection":[{"href":"https:\/\/radiostudiow.com.br\/site\/wp-json\/wp\/v2\/posts"}],"about":[{"href":"https:\/\/radiostudiow.com.br\/site\/wp-json\/wp\/v2\/types\/post"}],"author":[{"embeddable":true,"href":"https:\/\/radiostudiow.com.br\/site\/wp-json\/wp\/v2\/users\/2"}],"replies":[{"embeddable":true,"href":"https:\/\/radiostudiow.com.br\/site\/wp-json\/wp\/v2\/comments?post=27670"}],"version-history":[{"count":1,"href":"https:\/\/radiostudiow.com.br\/site\/wp-json\/wp\/v2\/posts\/27670\/revisions"}],"predecessor-version":[{"id":27672,"href":"https:\/\/radiostudiow.com.br\/site\/wp-json\/wp\/v2\/posts\/27670\/revisions\/27672"}],"wp:featuredmedia":[{"embeddable":true,"href":"https:\/\/radiostudiow.com.br\/site\/wp-json\/wp\/v2\/media\/27671"}],"wp:attachment":[{"href":"https:\/\/radiostudiow.com.br\/site\/wp-json\/wp\/v2\/media?parent=27670"}],"wp:term":[{"taxonomy":"category","embeddable":true,"href":"https:\/\/radiostudiow.com.br\/site\/wp-json\/wp\/v2\/categories?post=27670"},{"taxonomy":"post_tag","embeddable":true,"href":"https:\/\/radiostudiow.com.br\/site\/wp-json\/wp\/v2\/tags?post=27670"}],"curies":[{"name":"wp","href":"https:\/\/api.w.org\/{rel}","templated":true}]}}