{"id":27686,"date":"2024-09-18T17:36:42","date_gmt":"2024-09-18T20:36:42","guid":{"rendered":"https:\/\/radiostudiow.com.br\/site\/?p=27686"},"modified":"2025-01-31T14:58:26","modified_gmt":"2025-01-31T17:58:26","slug":"mulher-sofre-ferimentos-graves-na-cabeca-apos-queda-de-bicicleta","status":"publish","type":"post","link":"https:\/\/radiostudiow.com.br\/site\/2024\/09\/18\/mulher-sofre-ferimentos-graves-na-cabeca-apos-queda-de-bicicleta\/","title":{"rendered":"Mulher sofre ferimentos graves na cabe\u00e7a ap\u00f3s queda de bicicleta"},"content":{"rendered":"\n<p>Na manh\u00e3 desta quarta-feira, 18, por volta das 08h o Corpo de Bombeiros Militar de Porto Uni\u00e3o foi acionada para atender uma ocorr\u00eancia de queda de bicicleta na Rua Andr\u00e9 Holowaty, bairro S\u00e3o Pedro, em Porto Uni\u00e3o.<\/p>\n\n\n\n<p>Ao chegar ao local, os bombeiros encontraram a v\u00edtima, uma mulher de 50 anos, deitada no ch\u00e3o, sendo amparada por populares.&nbsp;Ela estava consciente, mas desorientada, apresentando ferimentos com hemorragia na face e suspeita de traumatismo cr\u00e2nio-encef\u00e1lico (TCE).<\/p>\n\n\n\n<figure class=\"wp-block-image size-full\"><img loading=\"lazy\" decoding=\"async\" width=\"897\" height=\"204\" src=\"https:\/\/radiostudiow.com.br\/site\/wp-content\/uploads\/2024\/08\/TIJOLAO.png\" alt=\"\" class=\"wp-image-25951\" srcset=\"https:\/\/radiostudiow.com.br\/site\/wp-content\/uploads\/2024\/08\/TIJOLAO.png 897w, https:\/\/radiostudiow.com.br\/site\/wp-content\/uploads\/2024\/08\/TIJOLAO-300x68.png 300w, https:\/\/radiostudiow.com.br\/site\/wp-content\/uploads\/2024\/08\/TIJOLAO-768x175.png 768w\" sizes=\"auto, (max-width: 897px) 100vw, 897px\" \/><\/figure>\n\n\n\n<p>Os socorristas realizaram os procedimentos de atendimento pr\u00e9-hospitalar, incluindo a imobiliza\u00e7\u00e3o e estabiliza\u00e7\u00e3o da v\u00edtima, al\u00e9m da avalia\u00e7\u00e3o da hemorragia.&nbsp;Durante o atendimento, a mulher apresentava sinais vitais alterados, com press\u00e3o arterial de 162\/140 mmHg.<\/p>\n\n\n\n<p>Ap\u00f3s os procedimentos necess\u00e1rios, a paciente foi conduzida ao Hospital S\u00e3o Braz para receber atendimento m\u00e9dico. O estado de sa\u00fade da v\u00edtima n\u00e3o foi informado.<\/p>\n","protected":false},"excerpt":{"rendered":"<p>Na manh\u00e3 desta quarta-feira, 18, por volta das 08h o Corpo de Bombeiros Militar de Porto Uni\u00e3o foi acionada para atender uma ocorr\u00eancia de queda de bicicleta na Rua Andr\u00e9 Holowaty, bairro S\u00e3o Pedro, em Porto Uni\u00e3o. Ao chegar ao local, os bombeiros encontraram a v\u00edtima, uma mulher de 50 anos, deitada no ch\u00e3o, sendo [&hellip;]<\/p>\n","protected":false},"author":2,"featured_media":27687,"comment_status":"open","ping_status":"open","sticky":false,"template":"","format":"standard","meta":{"footnotes":""},"categories":[185],"tags":[172],"class_list":["post-27686","post","type-post","status-publish","format-standard","has-post-thumbnail","hentry","category-regional","tag-featured"],"amp_enabled":true,"_links":{"self":[{"href":"https:\/\/radiostudiow.com.br\/site\/wp-json\/wp\/v2\/posts\/27686","targetHints":{"allow":["GET"]}}],"collection":[{"href":"https:\/\/radiostudiow.com.br\/site\/wp-json\/wp\/v2\/posts"}],"about":[{"href":"https:\/\/radiostudiow.com.br\/site\/wp-json\/wp\/v2\/types\/post"}],"author":[{"embeddable":true,"href":"https:\/\/radiostudiow.com.br\/site\/wp-json\/wp\/v2\/users\/2"}],"replies":[{"embeddable":true,"href":"https:\/\/radiostudiow.com.br\/site\/wp-json\/wp\/v2\/comments?post=27686"}],"version-history":[{"count":1,"href":"https:\/\/radiostudiow.com.br\/site\/wp-json\/wp\/v2\/posts\/27686\/revisions"}],"predecessor-version":[{"id":27688,"href":"https:\/\/radiostudiow.com.br\/site\/wp-json\/wp\/v2\/posts\/27686\/revisions\/27688"}],"wp:featuredmedia":[{"embeddable":true,"href":"https:\/\/radiostudiow.com.br\/site\/wp-json\/wp\/v2\/media\/27687"}],"wp:attachment":[{"href":"https:\/\/radiostudiow.com.br\/site\/wp-json\/wp\/v2\/media?parent=27686"}],"wp:term":[{"taxonomy":"category","embeddable":true,"href":"https:\/\/radiostudiow.com.br\/site\/wp-json\/wp\/v2\/categories?post=27686"},{"taxonomy":"post_tag","embeddable":true,"href":"https:\/\/radiostudiow.com.br\/site\/wp-json\/wp\/v2\/tags?post=27686"}],"curies":[{"name":"wp","href":"https:\/\/api.w.org\/{rel}","templated":true}]}}