{"id":27698,"date":"2024-09-19T10:28:45","date_gmt":"2024-09-19T13:28:45","guid":{"rendered":"https:\/\/radiostudiow.com.br\/site\/?p=27698"},"modified":"2025-01-31T14:58:26","modified_gmt":"2025-01-31T17:58:26","slug":"policia-civil-investiga-causas-da-morte-de-menina-de-10-anos-em-reboucas","status":"publish","type":"post","link":"https:\/\/radiostudiow.com.br\/site\/2024\/09\/19\/policia-civil-investiga-causas-da-morte-de-menina-de-10-anos-em-reboucas\/","title":{"rendered":"Pol\u00edcia Civil investiga causas da morte de menina de 10 anos em Rebou\u00e7as"},"content":{"rendered":"\n<p><em>Alyce Tesluki passou mal e morreu na tarde de segunda-feira. Pol\u00edcia aponta at\u00e9 o momento como morte natural.<\/em><\/p>\n\n\n\n<figure class=\"wp-block-image size-full is-resized\"><img loading=\"lazy\" decoding=\"async\" width=\"900\" height=\"408\" src=\"https:\/\/radiostudiow.com.br\/site\/wp-content\/uploads\/2024\/08\/image-64.png\" alt=\"\" class=\"wp-image-26531\" style=\"width:593px;height:auto\" srcset=\"https:\/\/radiostudiow.com.br\/site\/wp-content\/uploads\/2024\/08\/image-64.png 900w, https:\/\/radiostudiow.com.br\/site\/wp-content\/uploads\/2024\/08\/image-64-300x136.png 300w, https:\/\/radiostudiow.com.br\/site\/wp-content\/uploads\/2024\/08\/image-64-768x348.png 768w\" sizes=\"auto, (max-width: 900px) 100vw, 900px\" \/><\/figure>\n\n\n\n<p>A Pol\u00edcia Civil de Rebou\u00e7as est\u00e1 investigando a morte de\u00a0<strong>Alyce Tesluki, de 10 anos<\/strong>, que morreu na tarde de segunda-feira (16), no Hospital Darcy Vagas. Alyce passou mal enquanto estava na Escola Municipal Erasmo Pilotto, apresentando v\u00f4mitos, fortes dores de cabe\u00e7a e dor abdominal. Funcion\u00e1rios da escola prestaram os primeiros socorros e acionaram a ambul\u00e2ncia, mas ao chegarem ao Hospital de Caridade Dona Darcy Vargas, por volta das 14h30, Alyce j\u00e1 estava sem vida.<\/p>\n\n\n\n<p>O delegado Thiago Fran\u00e7a Nunes, disse que por volta das 13h30, Alyce come\u00e7ou passar mal, onde come\u00e7ou a vomitar, sendo socorrida primeiramente pelos profissionais da escola.<\/p>\n\n\n\n<blockquote class=\"wp-block-quote is-layout-flow wp-block-quote-is-layout-flow\">\n<p><strong>\u201cEm seguida, uma equipe da Defesa Civil foi ao local com socorristas e ao levar a crian\u00e7a ao hospital, por volta das 14h30 e 15 horas, a menina j\u00e1 chegou sem vida, sendo tamb\u00e9m realizada algumas manobras de reanima\u00e7\u00e3o pela equipe m\u00e9dica do hospital\u201d<\/strong>, conta o delegado.<\/p>\n<\/blockquote>\n\n\n\n<p>O delegado Thiago tamb\u00e9m destaca que j\u00e1 foram ouvidos alguns parentes e tamb\u00e9m profissionais da escola e da sa\u00fade. O corpo de Alyce foi encaminhado para o Instituto M\u00e9dico Legal, para realizar uma per\u00edcia e investigar a poss\u00edvel causa da morte.<\/p>\n\n\n\n<figure class=\"wp-block-image size-full\"><img loading=\"lazy\" decoding=\"async\" width=\"897\" height=\"204\" src=\"https:\/\/radiostudiow.com.br\/site\/wp-content\/uploads\/2024\/08\/TIJOLAO.png\" alt=\"\" class=\"wp-image-25951\" srcset=\"https:\/\/radiostudiow.com.br\/site\/wp-content\/uploads\/2024\/08\/TIJOLAO.png 897w, https:\/\/radiostudiow.com.br\/site\/wp-content\/uploads\/2024\/08\/TIJOLAO-300x68.png 300w, https:\/\/radiostudiow.com.br\/site\/wp-content\/uploads\/2024\/08\/TIJOLAO-768x175.png 768w\" sizes=\"auto, (max-width: 897px) 100vw, 897px\" \/><\/figure>\n\n\n\n<blockquote class=\"wp-block-quote is-layout-flow wp-block-quote-is-layout-flow\">\n<p><strong>\u201cAt\u00e9 o momento, trabalhamos na hip\u00f3tese de morte natural. As investiga\u00e7\u00f5es apenas iniciaram, ainda vamos analisar o laudo pericial e outras dilig\u00eancias\u201d<\/strong>, aponta Thiago Fran\u00e7a Nunes Lima.<\/p>\n<\/blockquote>\n\n\n\n<figure class=\"wp-block-embed is-type-video is-provider-youtube wp-block-embed-youtube wp-embed-aspect-16-9 wp-has-aspect-ratio\"><div class=\"wp-block-embed__wrapper\">\n<iframe loading=\"lazy\" title=\"Pol\u00edcia Civil investiga morte de menina de 10 anos em Rebou\u00e7as\" width=\"740\" height=\"416\" src=\"https:\/\/www.youtube.com\/embed\/2bPEoIpguVQ?feature=oembed\" frameborder=\"0\" allow=\"accelerometer; autoplay; clipboard-write; encrypted-media; gyroscope; picture-in-picture; web-share\" referrerpolicy=\"strict-origin-when-cross-origin\" allowfullscreen><\/iframe>\n<\/div><\/figure>\n\n\n\n<p><em>Fonte: <a href=\"https:\/\/bntonline.com.br\/\">Bntonline.com<\/a><\/em><\/p>\n\n\n\n<p><strong>A Escola Municipal Erasmo Pilotto manifestou seu pesar nas redes sociais:<\/strong><\/p>\n\n\n\n<figure class=\"wp-block-image size-full\"><img loading=\"lazy\" decoding=\"async\" width=\"491\" height=\"650\" src=\"https:\/\/radiostudiow.com.br\/site\/wp-content\/uploads\/2024\/09\/03-1.jpeg\" alt=\"\" class=\"wp-image-27700\" srcset=\"https:\/\/radiostudiow.com.br\/site\/wp-content\/uploads\/2024\/09\/03-1.jpeg 491w, https:\/\/radiostudiow.com.br\/site\/wp-content\/uploads\/2024\/09\/03-1-227x300.jpeg 227w\" sizes=\"auto, (max-width: 491px) 100vw, 491px\" \/><\/figure>\n\n\n\n<p><\/p>\n\n\n\n<figure class=\"wp-block-embed is-type-wp-embed is-provider-studio-w wp-block-embed-studio-w\"><div class=\"wp-block-embed__wrapper\">\n<blockquote class=\"wp-embedded-content\" data-secret=\"GxjUSKkDXd\"><a href=\"https:\/\/radiostudiow.com.br\/site\/2024\/09\/18\/crianca-de-10-anos-falece-em-reboucas\/\">Crian\u00e7a de 10 anos falece em Rebou\u00e7as<\/a><\/blockquote><iframe loading=\"lazy\" class=\"wp-embedded-content\" sandbox=\"allow-scripts\" security=\"restricted\" style=\"position: absolute; visibility: hidden;\" title=\"&#8220;Crian\u00e7a de 10 anos falece em Rebou\u00e7as&#8221; &#8212; Studio W\" src=\"https:\/\/radiostudiow.com.br\/site\/2024\/09\/18\/crianca-de-10-anos-falece-em-reboucas\/embed\/#?secret=OMBm91vobl#?secret=GxjUSKkDXd\" data-secret=\"GxjUSKkDXd\" width=\"600\" height=\"338\" frameborder=\"0\" marginwidth=\"0\" marginheight=\"0\" scrolling=\"no\"><\/iframe>\n<\/div><\/figure>\n","protected":false},"excerpt":{"rendered":"<p>Alyce Tesluki passou mal e morreu na tarde de segunda-feira. Pol\u00edcia aponta at\u00e9 o momento como morte natural. A Pol\u00edcia Civil de Rebou\u00e7as est\u00e1 investigando a morte de\u00a0Alyce Tesluki, de 10 anos, que morreu na tarde de segunda-feira (16), no Hospital Darcy Vagas. Alyce passou mal enquanto estava na Escola Municipal Erasmo Pilotto, apresentando v\u00f4mitos, [&hellip;]<\/p>\n","protected":false},"author":2,"featured_media":27699,"comment_status":"open","ping_status":"open","sticky":false,"template":"","format":"standard","meta":{"footnotes":""},"categories":[2],"tags":[172],"class_list":["post-27698","post","type-post","status-publish","format-standard","has-post-thumbnail","hentry","category-policial","tag-featured"],"amp_enabled":true,"_links":{"self":[{"href":"https:\/\/radiostudiow.com.br\/site\/wp-json\/wp\/v2\/posts\/27698","targetHints":{"allow":["GET"]}}],"collection":[{"href":"https:\/\/radiostudiow.com.br\/site\/wp-json\/wp\/v2\/posts"}],"about":[{"href":"https:\/\/radiostudiow.com.br\/site\/wp-json\/wp\/v2\/types\/post"}],"author":[{"embeddable":true,"href":"https:\/\/radiostudiow.com.br\/site\/wp-json\/wp\/v2\/users\/2"}],"replies":[{"embeddable":true,"href":"https:\/\/radiostudiow.com.br\/site\/wp-json\/wp\/v2\/comments?post=27698"}],"version-history":[{"count":2,"href":"https:\/\/radiostudiow.com.br\/site\/wp-json\/wp\/v2\/posts\/27698\/revisions"}],"predecessor-version":[{"id":27704,"href":"https:\/\/radiostudiow.com.br\/site\/wp-json\/wp\/v2\/posts\/27698\/revisions\/27704"}],"wp:featuredmedia":[{"embeddable":true,"href":"https:\/\/radiostudiow.com.br\/site\/wp-json\/wp\/v2\/media\/27699"}],"wp:attachment":[{"href":"https:\/\/radiostudiow.com.br\/site\/wp-json\/wp\/v2\/media?parent=27698"}],"wp:term":[{"taxonomy":"category","embeddable":true,"href":"https:\/\/radiostudiow.com.br\/site\/wp-json\/wp\/v2\/categories?post=27698"},{"taxonomy":"post_tag","embeddable":true,"href":"https:\/\/radiostudiow.com.br\/site\/wp-json\/wp\/v2\/tags?post=27698"}],"curies":[{"name":"wp","href":"https:\/\/api.w.org\/{rel}","templated":true}]}}