{"id":27709,"date":"2024-09-19T10:44:53","date_gmt":"2024-09-19T13:44:53","guid":{"rendered":"https:\/\/radiostudiow.com.br\/site\/?p=27709"},"modified":"2025-01-31T14:58:26","modified_gmt":"2025-01-31T17:58:26","slug":"mulher-e-presa-por-exploracao-sexual-de-adolescente-em-sao-mateus-do-sul","status":"publish","type":"post","link":"https:\/\/radiostudiow.com.br\/site\/2024\/09\/19\/mulher-e-presa-por-exploracao-sexual-de-adolescente-em-sao-mateus-do-sul\/","title":{"rendered":"Mulher \u00e9 presa por explora\u00e7\u00e3o sexual de adolescente em S\u00e3o Mateus do Sul"},"content":{"rendered":"\n<p>A equipe da Pol\u00edcia Civil do Paran\u00e1 por meio da 3\u00aa Subdivis\u00e3o Policial de S\u00e3o Mateus do Sul e com o apoio da ROTAM da Pol\u00edcia Militar, efetuou a pris\u00e3o em flagrante de uma mulher de 33 anos de idade pelo delito de explora\u00e7\u00e3o sexual de adolescente na noite dessa ter\u00e7a-feira (17).<\/p>\n\n\n\n<figure class=\"wp-block-image size-full\"><img decoding=\"async\" src=\"https:\/\/radiostudiow.com.br\/site\/wp-content\/uploads\/2024\/04\/image-47.png\" alt=\"\" class=\"wp-image-21404\"\/><\/figure>\n\n\n\n<p>A mulher era respons\u00e1vel por uma casa noturna em S\u00e3o Mateus do Sul e mantinha em suas depend\u00eancias uma adolescente exercendo servi\u00e7os de prostitui\u00e7\u00e3o.<\/p>\n\n\n\n<p>O Delegado-Chefe da 3\u00aa SDP, Dr. Vinicius Fernandes Maciel, comentou sobre o caso. <em><strong>\u201cSubmeter crian\u00e7a ou adolescente a explora\u00e7\u00e3o sexual constitui crime tipificado no artigo 244-A do Estatuto da Crian\u00e7a e do Adolescente e, al\u00e9m das penas que figuram entre 4 a 10 anos de pris\u00e3o, tamb\u00e9m pode implicar na cassa\u00e7\u00e3o da licen\u00e7a de funcionamento do estabelecimento\u201d.<\/strong><\/em><\/p>\n\n\n\n<figure class=\"wp-block-image size-full\"><img decoding=\"async\" src=\"https:\/\/radiostudiow.com.br\/site\/wp-content\/uploads\/2024\/04\/SITE-MEDIO.png\" alt=\"\" class=\"wp-image-21854\"\/><\/figure>\n\n\n\n<p>A a\u00e7\u00e3o de fiscaliza\u00e7\u00e3o se deu ap\u00f3s requisi\u00e7\u00e3o do Minist\u00e9rio P\u00fablico da Comarca de S\u00e3o Mateus do Sul e as investiga\u00e7\u00f5es seguem em curso no Inqu\u00e9rito Policial.<\/p>\n","protected":false},"excerpt":{"rendered":"<p>A equipe da Pol\u00edcia Civil do Paran\u00e1 por meio da 3\u00aa Subdivis\u00e3o Policial de S\u00e3o Mateus do Sul e com o apoio da ROTAM da Pol\u00edcia Militar, efetuou a pris\u00e3o em flagrante de uma mulher de 33 anos de idade pelo delito de explora\u00e7\u00e3o sexual de adolescente na noite dessa ter\u00e7a-feira (17). A mulher era [&hellip;]<\/p>\n","protected":false},"author":2,"featured_media":27710,"comment_status":"open","ping_status":"open","sticky":false,"template":"","format":"standard","meta":{"footnotes":""},"categories":[2],"tags":[172],"class_list":["post-27709","post","type-post","status-publish","format-standard","has-post-thumbnail","hentry","category-policial","tag-featured"],"amp_enabled":true,"_links":{"self":[{"href":"https:\/\/radiostudiow.com.br\/site\/wp-json\/wp\/v2\/posts\/27709","targetHints":{"allow":["GET"]}}],"collection":[{"href":"https:\/\/radiostudiow.com.br\/site\/wp-json\/wp\/v2\/posts"}],"about":[{"href":"https:\/\/radiostudiow.com.br\/site\/wp-json\/wp\/v2\/types\/post"}],"author":[{"embeddable":true,"href":"https:\/\/radiostudiow.com.br\/site\/wp-json\/wp\/v2\/users\/2"}],"replies":[{"embeddable":true,"href":"https:\/\/radiostudiow.com.br\/site\/wp-json\/wp\/v2\/comments?post=27709"}],"version-history":[{"count":1,"href":"https:\/\/radiostudiow.com.br\/site\/wp-json\/wp\/v2\/posts\/27709\/revisions"}],"predecessor-version":[{"id":27711,"href":"https:\/\/radiostudiow.com.br\/site\/wp-json\/wp\/v2\/posts\/27709\/revisions\/27711"}],"wp:featuredmedia":[{"embeddable":true,"href":"https:\/\/radiostudiow.com.br\/site\/wp-json\/wp\/v2\/media\/27710"}],"wp:attachment":[{"href":"https:\/\/radiostudiow.com.br\/site\/wp-json\/wp\/v2\/media?parent=27709"}],"wp:term":[{"taxonomy":"category","embeddable":true,"href":"https:\/\/radiostudiow.com.br\/site\/wp-json\/wp\/v2\/categories?post=27709"},{"taxonomy":"post_tag","embeddable":true,"href":"https:\/\/radiostudiow.com.br\/site\/wp-json\/wp\/v2\/tags?post=27709"}],"curies":[{"name":"wp","href":"https:\/\/api.w.org\/{rel}","templated":true}]}}