{"id":27712,"date":"2024-09-19T12:01:39","date_gmt":"2024-09-19T15:01:39","guid":{"rendered":"https:\/\/radiostudiow.com.br\/site\/?p=27712"},"modified":"2025-01-31T14:58:26","modified_gmt":"2025-01-31T17:58:26","slug":"policia-militar-de-uniao-da-vitoria-registra-furto-de-objetos-em-veiculo","status":"publish","type":"post","link":"https:\/\/radiostudiow.com.br\/site\/2024\/09\/19\/policia-militar-de-uniao-da-vitoria-registra-furto-de-objetos-em-veiculo\/","title":{"rendered":"Pol\u00edcia Militar de Uni\u00e3o da Vit\u00f3ria registra furto de objetos em ve\u00edculo"},"content":{"rendered":"\n<p>Durante a noite dessa ter\u00e7a-feira, dia 17 de setembro, por volta das 20h30, a Pol\u00edcia Militar do 27\u00ba Batalh\u00e3o esteve atendendo a uma ocorr\u00eancia de furto em um ve\u00edculo no bairro S\u00e3o Joaquim em Uni\u00e3o da Vit\u00f3ria.<\/p>\n\n\n\n<figure class=\"wp-block-image size-large\"><img loading=\"lazy\" decoding=\"async\" width=\"1024\" height=\"576\" src=\"https:\/\/radiostudiow.com.br\/site\/wp-content\/uploads\/2024\/05\/86140-nacional-tv-coops-comunicacao-interna-pos-campanha-de-educacao-financeira-2024-1024x576.png\" alt=\"\" class=\"wp-image-23031\" srcset=\"https:\/\/radiostudiow.com.br\/site\/wp-content\/uploads\/2024\/05\/86140-nacional-tv-coops-comunicacao-interna-pos-campanha-de-educacao-financeira-2024-1024x576.png 1024w, https:\/\/radiostudiow.com.br\/site\/wp-content\/uploads\/2024\/05\/86140-nacional-tv-coops-comunicacao-interna-pos-campanha-de-educacao-financeira-2024-300x169.png 300w, https:\/\/radiostudiow.com.br\/site\/wp-content\/uploads\/2024\/05\/86140-nacional-tv-coops-comunicacao-interna-pos-campanha-de-educacao-financeira-2024-768x432.png 768w, https:\/\/radiostudiow.com.br\/site\/wp-content\/uploads\/2024\/05\/86140-nacional-tv-coops-comunicacao-interna-pos-campanha-de-educacao-financeira-2024-1536x864.png 1536w, https:\/\/radiostudiow.com.br\/site\/wp-content\/uploads\/2024\/05\/86140-nacional-tv-coops-comunicacao-interna-pos-campanha-de-educacao-financeira-2024.png 1920w\" sizes=\"auto, (max-width: 1024px) 100vw, 1024px\" \/><\/figure>\n\n\n\n<p>Conforme informa\u00e7\u00f5es, uma mulher relatou que ao sair de dentro de um estabelecimento e entrar em seu carro, notou que alguns de seus pertences havia sido levados. Segundo ela, foram furtados um notebook, uma bolsa de notebook, uma bolsa de couro e v\u00e1rios pertences pessoais.<\/p>\n\n\n\n<p>A mulher deslocou at\u00e9 o Batalh\u00e3o da PM para registrar o boletim de ocorr\u00eancias e recebeu as orienta\u00e7\u00f5es necess\u00e1rias quanto aos procedimentos cab\u00edveis.<\/p>\n","protected":false},"excerpt":{"rendered":"<p>Durante a noite dessa ter\u00e7a-feira, dia 17 de setembro, por volta das 20h30, a Pol\u00edcia Militar do 27\u00ba Batalh\u00e3o esteve atendendo a uma ocorr\u00eancia de furto em um ve\u00edculo no bairro S\u00e3o Joaquim em Uni\u00e3o da Vit\u00f3ria. Conforme informa\u00e7\u00f5es, uma mulher relatou que ao sair de dentro de um estabelecimento e entrar em seu carro, [&hellip;]<\/p>\n","protected":false},"author":2,"featured_media":24373,"comment_status":"open","ping_status":"open","sticky":false,"template":"","format":"standard","meta":{"footnotes":""},"categories":[2],"tags":[172],"class_list":["post-27712","post","type-post","status-publish","format-standard","has-post-thumbnail","hentry","category-policial","tag-featured"],"amp_enabled":true,"_links":{"self":[{"href":"https:\/\/radiostudiow.com.br\/site\/wp-json\/wp\/v2\/posts\/27712","targetHints":{"allow":["GET"]}}],"collection":[{"href":"https:\/\/radiostudiow.com.br\/site\/wp-json\/wp\/v2\/posts"}],"about":[{"href":"https:\/\/radiostudiow.com.br\/site\/wp-json\/wp\/v2\/types\/post"}],"author":[{"embeddable":true,"href":"https:\/\/radiostudiow.com.br\/site\/wp-json\/wp\/v2\/users\/2"}],"replies":[{"embeddable":true,"href":"https:\/\/radiostudiow.com.br\/site\/wp-json\/wp\/v2\/comments?post=27712"}],"version-history":[{"count":1,"href":"https:\/\/radiostudiow.com.br\/site\/wp-json\/wp\/v2\/posts\/27712\/revisions"}],"predecessor-version":[{"id":27713,"href":"https:\/\/radiostudiow.com.br\/site\/wp-json\/wp\/v2\/posts\/27712\/revisions\/27713"}],"wp:featuredmedia":[{"embeddable":true,"href":"https:\/\/radiostudiow.com.br\/site\/wp-json\/wp\/v2\/media\/24373"}],"wp:attachment":[{"href":"https:\/\/radiostudiow.com.br\/site\/wp-json\/wp\/v2\/media?parent=27712"}],"wp:term":[{"taxonomy":"category","embeddable":true,"href":"https:\/\/radiostudiow.com.br\/site\/wp-json\/wp\/v2\/categories?post=27712"},{"taxonomy":"post_tag","embeddable":true,"href":"https:\/\/radiostudiow.com.br\/site\/wp-json\/wp\/v2\/tags?post=27712"}],"curies":[{"name":"wp","href":"https:\/\/api.w.org\/{rel}","templated":true}]}}