{"id":27719,"date":"2024-09-19T16:46:27","date_gmt":"2024-09-19T19:46:27","guid":{"rendered":"https:\/\/radiostudiow.com.br\/site\/?p=27719"},"modified":"2025-01-31T14:58:26","modified_gmt":"2025-01-31T17:58:26","slug":"policia-civil-instaura-inquerito-por-homicidio-culposo-em-acidente-fatal-em-uniao-da-vitoria","status":"publish","type":"post","link":"https:\/\/radiostudiow.com.br\/site\/2024\/09\/19\/policia-civil-instaura-inquerito-por-homicidio-culposo-em-acidente-fatal-em-uniao-da-vitoria\/","title":{"rendered":"Pol\u00edcia Civil instaura inqu\u00e9rito por homic\u00eddio culposo em acidente fatal em Uni\u00e3o da Vit\u00f3ria"},"content":{"rendered":"\n<p>A Pol\u00edcia Civil de Uni\u00e3o da Vit\u00f3ria confirmou que o motorista envolvido em um grave acidente de tr\u00e2nsito foi conduzido at\u00e9 a delegacia,\u00a0onde foi instaurado um inqu\u00e9rito por homic\u00eddio culposo.<\/p>\n\n\n\n<figure class=\"wp-block-image size-full\"><img loading=\"lazy\" decoding=\"async\" width=\"897\" height=\"204\" src=\"https:\/\/radiostudiow.com.br\/site\/wp-content\/uploads\/2024\/04\/image-51.png\" alt=\"\" class=\"wp-image-21370\" srcset=\"https:\/\/radiostudiow.com.br\/site\/wp-content\/uploads\/2024\/04\/image-51.png 897w, https:\/\/radiostudiow.com.br\/site\/wp-content\/uploads\/2024\/04\/image-51-300x68.png 300w, https:\/\/radiostudiow.com.br\/site\/wp-content\/uploads\/2024\/04\/image-51-768x175.png 768w\" sizes=\"auto, (max-width: 897px) 100vw, 897px\" \/><\/figure>\n\n\n\n<p>A v\u00edtima\u00a0Rosane Aparecida Ovinski de 48 anos\u00a0voltava do trabalho quando foi atropelada pelo caminh\u00e3o ca\u00e7amba que n\u00e3o parou prestar socorro. O motorista foi alertado sobre o acidente, afirmou que retornaria, por\u00e9m, isso n\u00e3o aconteceu.<\/p>\n\n\n\n<p>Segundo o delegado respons\u00e1vel pelo caso, ap\u00f3s o acidente que resultou em uma v\u00edtima fatal, Pol\u00edcia Civil foi at\u00e9 a casa do motorista de 20 anos que foi levado para prestar depoimento e as investiga\u00e7\u00f5es est\u00e3o em andamento.<\/p>\n\n\n\n<figure class=\"wp-block-image size-full is-resized\"><img loading=\"lazy\" decoding=\"async\" width=\"720\" height=\"379\" src=\"https:\/\/radiostudiow.com.br\/site\/wp-content\/uploads\/2024\/09\/image-65.png\" alt=\"\" class=\"wp-image-27720\" style=\"width:616px;height:auto\" srcset=\"https:\/\/radiostudiow.com.br\/site\/wp-content\/uploads\/2024\/09\/image-65.png 720w, https:\/\/radiostudiow.com.br\/site\/wp-content\/uploads\/2024\/09\/image-65-300x158.png 300w\" sizes=\"auto, (max-width: 720px) 100vw, 720px\" \/><\/figure>\n\n\n\n<p>O crime de homic\u00eddio culposo ocorre quando uma pessoa causa a morte de outra sem inten\u00e7\u00e3o, geralmente em situa\u00e7\u00f5es de imprud\u00eancia, neglig\u00eancia ou imper\u00edcia. A investiga\u00e7\u00e3o examinou os detalhes do ocorrido e determinou as responsabilidades do motorista envolvido.<\/p>\n","protected":false},"excerpt":{"rendered":"<p>A Pol\u00edcia Civil de Uni\u00e3o da Vit\u00f3ria confirmou que o motorista envolvido em um grave acidente de tr\u00e2nsito foi conduzido at\u00e9 a delegacia,\u00a0onde foi instaurado um inqu\u00e9rito por homic\u00eddio culposo. A v\u00edtima\u00a0Rosane Aparecida Ovinski de 48 anos\u00a0voltava do trabalho quando foi atropelada pelo caminh\u00e3o ca\u00e7amba que n\u00e3o parou prestar socorro. O motorista foi alertado sobre [&hellip;]<\/p>\n","protected":false},"author":2,"featured_media":27721,"comment_status":"open","ping_status":"open","sticky":false,"template":"","format":"standard","meta":{"footnotes":""},"categories":[185],"tags":[172],"class_list":["post-27719","post","type-post","status-publish","format-standard","has-post-thumbnail","hentry","category-regional","tag-featured"],"amp_enabled":true,"_links":{"self":[{"href":"https:\/\/radiostudiow.com.br\/site\/wp-json\/wp\/v2\/posts\/27719","targetHints":{"allow":["GET"]}}],"collection":[{"href":"https:\/\/radiostudiow.com.br\/site\/wp-json\/wp\/v2\/posts"}],"about":[{"href":"https:\/\/radiostudiow.com.br\/site\/wp-json\/wp\/v2\/types\/post"}],"author":[{"embeddable":true,"href":"https:\/\/radiostudiow.com.br\/site\/wp-json\/wp\/v2\/users\/2"}],"replies":[{"embeddable":true,"href":"https:\/\/radiostudiow.com.br\/site\/wp-json\/wp\/v2\/comments?post=27719"}],"version-history":[{"count":2,"href":"https:\/\/radiostudiow.com.br\/site\/wp-json\/wp\/v2\/posts\/27719\/revisions"}],"predecessor-version":[{"id":27723,"href":"https:\/\/radiostudiow.com.br\/site\/wp-json\/wp\/v2\/posts\/27719\/revisions\/27723"}],"wp:featuredmedia":[{"embeddable":true,"href":"https:\/\/radiostudiow.com.br\/site\/wp-json\/wp\/v2\/media\/27721"}],"wp:attachment":[{"href":"https:\/\/radiostudiow.com.br\/site\/wp-json\/wp\/v2\/media?parent=27719"}],"wp:term":[{"taxonomy":"category","embeddable":true,"href":"https:\/\/radiostudiow.com.br\/site\/wp-json\/wp\/v2\/categories?post=27719"},{"taxonomy":"post_tag","embeddable":true,"href":"https:\/\/radiostudiow.com.br\/site\/wp-json\/wp\/v2\/tags?post=27719"}],"curies":[{"name":"wp","href":"https:\/\/api.w.org\/{rel}","templated":true}]}}