{"id":27730,"date":"2024-09-19T19:12:51","date_gmt":"2024-09-19T22:12:51","guid":{"rendered":"https:\/\/radiostudiow.com.br\/site\/?p=27730"},"modified":"2025-01-31T14:58:26","modified_gmt":"2025-01-31T17:58:26","slug":"projeto-ritmando-leva-musica-para-colegio-estadual-em-mallet","status":"publish","type":"post","link":"https:\/\/radiostudiow.com.br\/site\/2024\/09\/19\/projeto-ritmando-leva-musica-para-colegio-estadual-em-mallet\/","title":{"rendered":"Projeto Ritmando leva m\u00fasica para col\u00e9gio estadual em Mallet"},"content":{"rendered":"\n<p><em>A atividade incluiu apresenta\u00e7\u00f5es e oficina de percuss\u00e3o<\/em><\/p>\n\n\n\n<p>O projeto Ritmando, do m\u00fasico e percussionista Ricardo Correa, divertiu e ensinou os estudantes do Col\u00e9gio Estadual Ad\u00e3o Sobocinski, no Distrito de Rio Claro, em Mallet. A cidade foi escolhida para iniciar a circula\u00e7\u00e3o do projeto, que ir\u00e1 chegar tamb\u00e9m em outras oito cidades do Paran\u00e1 entre os meses de setembro e outubro, com o patroc\u00ednio da Copel e Continental, por meio do Programa Estadual de Fomento e Incentivo \u00e0 Cultura (Profice). Mais de 70 adolescentes da escola do campo participaram dos dois dias de atividades na escola, aprendendo mais sobre a m\u00fasica brasileira a partir da percuss\u00e3o.<\/p>\n\n\n\n<figure class=\"wp-block-image size-full\"><img loading=\"lazy\" decoding=\"async\" width=\"897\" height=\"204\" src=\"https:\/\/radiostudiow.com.br\/site\/wp-content\/uploads\/2024\/04\/image-50.png\" alt=\"\" class=\"wp-image-21368\" srcset=\"https:\/\/radiostudiow.com.br\/site\/wp-content\/uploads\/2024\/04\/image-50.png 897w, https:\/\/radiostudiow.com.br\/site\/wp-content\/uploads\/2024\/04\/image-50-300x68.png 300w, https:\/\/radiostudiow.com.br\/site\/wp-content\/uploads\/2024\/04\/image-50-768x175.png 768w\" sizes=\"auto, (max-width: 897px) 100vw, 897px\" \/><\/figure>\n\n\n\n<p>O convite para conhecer os diferentes instrumentos musicais de percuss\u00e3o entusiasmou alunos e professores, oferecendo um espa\u00e7o de trocas, aprendizado e muita m\u00fasica. No primeiro dia de atividade, todos os alunos do col\u00e9gio puderam assistir um concerto did\u00e1tico com 21 instrumentos diferentes de percuss\u00e3o, desde o tradicional pandeiro aos mais diferentes, como alfaia zabumba e agog\u00f4, como forma de ensinar sobre suas origens, caracter\u00edsticas e sonoridades. Os instrumentos foram tocados ao vivo por Ricardo Corr\u00eaa, com o acompanhamento do instrumentista Anthonny Felipe.<\/p>\n\n\n\n<p>J\u00e1 no segundo dia de atividade, os estudantes puderam participar de oficinas de Percuss\u00e3o e Percuss\u00e3o Corporal, onde conseguiram aprender novas formas de produzir sons e ter um maior contato com os instrumentos do dia anterior. Atrav\u00e9s dessa pr\u00e1tica, os alunos envolvidos puderam conhecer mais sobre as t\u00e9cnicas musicais, al\u00e9m de desenvolverem uma melhor coordena\u00e7\u00e3o motora e um interesse em conhecer m\u00fasicas brasileiras.<\/p>\n\n\n\n<p>Para Ricardo, \u00e9 gratificante conseguir levar esse projeto para diferentes cidades do Paran\u00e1 porque permite que os adolescentes tenham o contato com a m\u00fasica percussiva, muitos deles pela primeira vez. <strong><em>\u201cO projeto faz com que os alunos se envolvam mais com a m\u00fasica, criem um entendimento do ritmo\u201d, <\/em><\/strong><em>afirma.<\/em><\/p>\n\n\n\n<figure class=\"wp-block-image size-large\"><img loading=\"lazy\" decoding=\"async\" width=\"1024\" height=\"664\" src=\"https:\/\/radiostudiow.com.br\/site\/wp-content\/uploads\/2024\/09\/05-2-1024x664.jpg\" alt=\"\" class=\"wp-image-27731\" srcset=\"https:\/\/radiostudiow.com.br\/site\/wp-content\/uploads\/2024\/09\/05-2-1024x664.jpg 1024w, https:\/\/radiostudiow.com.br\/site\/wp-content\/uploads\/2024\/09\/05-2-300x195.jpg 300w, https:\/\/radiostudiow.com.br\/site\/wp-content\/uploads\/2024\/09\/05-2-768x498.jpg 768w, https:\/\/radiostudiow.com.br\/site\/wp-content\/uploads\/2024\/09\/05-2-1536x996.jpg 1536w, https:\/\/radiostudiow.com.br\/site\/wp-content\/uploads\/2024\/09\/05-2.jpg 1600w\" sizes=\"auto, (max-width: 1024px) 100vw, 1024px\" \/><\/figure>\n\n\n\n<p>Segundo Gabriela Guimar\u00e3es, estudante do 8\u00ba ano, a atividade foi interessante porque permitiu que ela conhecesse mais sobre a percuss\u00e3o, uma vez que, mesmo j\u00e1 tendo contato anteriormente com a m\u00fasica, ela ainda n\u00e3o conhecia os instrumentos utilizados no projeto. <em><strong>\u201cEu achei uma experi\u00eancia bem legal, fora do cotidiano. \u00c9 muito legal ter o contato com os instrumentos\u201d, <\/strong>comenta. <\/em>No mesmo sentido, Matheus Drevinoski, tamb\u00e9m aluno do col\u00e9gio, aponta que a pr\u00e1tica \u00e9 \u201calgo interessante para se ter na escola\u201d e que ficou muito interessado para aprender mais sobre a percuss\u00e3o.<\/p>\n\n\n\n<figure class=\"wp-block-image size-full\"><img decoding=\"async\" src=\"https:\/\/radiostudiow.com.br\/site\/wp-content\/uploads\/2024\/04\/image-45.png\" alt=\"\" class=\"wp-image-21394\"\/><\/figure>\n\n\n\n<p><strong>O projeto<\/strong><\/p>\n\n\n\n<p>Al\u00e9m das oficinas e dos concertos, o projeto \u2018Ritmando\u2019 produzir\u00e1 um videoclipe da m\u00fasica \u2018Bicho do Paran\u00e1\u2019, de autoria de Jo\u00e3o Lopes, onde os alunos ser\u00e3o convidados para participar ativamente por meio da percuss\u00e3o corporal. A coordena\u00e7\u00e3o \u00e9 da Estrat\u00e9gia Projetos Criativos e produ\u00e7\u00e3o da Inspire Projetos Criativos.<\/p>\n\n\n\n<p>O projeto tem a coordena\u00e7\u00e3o pedag\u00f3gica do m\u00fasico e professor Paulo Eduardo Ribeiro, que criou uma caixa com tr\u00eas jogos pedag\u00f3gicos exclusivos, inspirados na percuss\u00e3o. Ser\u00e3o distribu\u00eddas 150 caixas para as escolas integrantes do projeto. \u201cOs jogos surgiram para dar sequ\u00eancia ao conhecimento e deixar a escola apta a trabalhar tanto a educa\u00e7\u00e3o art\u00edstica, quanto a hist\u00f3ria. Com os jogos, os adolescentes continuar\u00e3o os trabalhos e v\u00e3o despertar mais ainda o ouvido musical\u201d, explica Ricardo.<\/p>\n","protected":false},"excerpt":{"rendered":"<p>A atividade incluiu apresenta\u00e7\u00f5es e oficina de percuss\u00e3o O projeto Ritmando, do m\u00fasico e percussionista Ricardo Correa, divertiu e ensinou os estudantes do Col\u00e9gio Estadual Ad\u00e3o Sobocinski, no Distrito de Rio Claro, em Mallet. A cidade foi escolhida para iniciar a circula\u00e7\u00e3o do projeto, que ir\u00e1 chegar tamb\u00e9m em outras oito cidades do Paran\u00e1 entre [&hellip;]<\/p>\n","protected":false},"author":2,"featured_media":27732,"comment_status":"open","ping_status":"open","sticky":false,"template":"","format":"standard","meta":{"footnotes":""},"categories":[184],"tags":[172],"class_list":["post-27730","post","type-post","status-publish","format-standard","has-post-thumbnail","hentry","category-local","tag-featured"],"amp_enabled":true,"_links":{"self":[{"href":"https:\/\/radiostudiow.com.br\/site\/wp-json\/wp\/v2\/posts\/27730","targetHints":{"allow":["GET"]}}],"collection":[{"href":"https:\/\/radiostudiow.com.br\/site\/wp-json\/wp\/v2\/posts"}],"about":[{"href":"https:\/\/radiostudiow.com.br\/site\/wp-json\/wp\/v2\/types\/post"}],"author":[{"embeddable":true,"href":"https:\/\/radiostudiow.com.br\/site\/wp-json\/wp\/v2\/users\/2"}],"replies":[{"embeddable":true,"href":"https:\/\/radiostudiow.com.br\/site\/wp-json\/wp\/v2\/comments?post=27730"}],"version-history":[{"count":1,"href":"https:\/\/radiostudiow.com.br\/site\/wp-json\/wp\/v2\/posts\/27730\/revisions"}],"predecessor-version":[{"id":27733,"href":"https:\/\/radiostudiow.com.br\/site\/wp-json\/wp\/v2\/posts\/27730\/revisions\/27733"}],"wp:featuredmedia":[{"embeddable":true,"href":"https:\/\/radiostudiow.com.br\/site\/wp-json\/wp\/v2\/media\/27732"}],"wp:attachment":[{"href":"https:\/\/radiostudiow.com.br\/site\/wp-json\/wp\/v2\/media?parent=27730"}],"wp:term":[{"taxonomy":"category","embeddable":true,"href":"https:\/\/radiostudiow.com.br\/site\/wp-json\/wp\/v2\/categories?post=27730"},{"taxonomy":"post_tag","embeddable":true,"href":"https:\/\/radiostudiow.com.br\/site\/wp-json\/wp\/v2\/tags?post=27730"}],"curies":[{"name":"wp","href":"https:\/\/api.w.org\/{rel}","templated":true}]}}